{"id":13894,"date":"2025-12-17T06:51:40","date_gmt":"2025-12-17T06:51:40","guid":{"rendered":"https:\/\/chocolate-rook-941503.hostingersite.com\/?p=13894"},"modified":"2025-12-29T07:35:06","modified_gmt":"2025-12-29T07:35:06","slug":"forthcoming-entry-into-force-of-the-carbon-border-adjustment-mechanism-cbam","status":"publish","type":"post","link":"https:\/\/anmopyc.es\/en\/proxima-entrada-en-vigor-del-mecanismo-de-ajuste-en-frontera-por-carbono-cbam\/","title":{"rendered":"Forthcoming entry into force of the Carbon Border Adjustment Mechanism (CBAM)"},"content":{"rendered":"<p>Starting January 1, 2026, the definitive phase of the CBAM begins. Authorized declarants will be required to declare each year the quantity of goods imported into the EU in the previous year and the implicit Greenhouse Gas (GHG) emissions.<\/p>\n\n\n\n<p><\/p>\n\n\n\n<p>The transitional period of&nbsp;<strong>Carbon Border Adjustment Mechanism (CBAM)&nbsp;<\/strong>approved by the European Union in October 2023 comes to an end next<strong>&nbsp;December 31, 2025<\/strong>&nbsp;and from the&nbsp;<strong>January 1, 2026<\/strong>&nbsp;the definitive period begins, where importers to the EU will have to register as&nbsp;<strong>Authorized Declarant<\/strong>&nbsp;Submit a CBAM Annual Declaration (by May 31st) reporting embedded carbon emissions in your products (steel, cement, etc.) for the prior calendar year, handing over equivalent CBAM certificates and obtaining third-party verification, as well as purchasing certificates to cover emissions, though the sale of certificates for 2026 will commence in February 2027, deferring the financial burden.<\/p>\n\n\n\n<p>&nbsp;The CBAM addresses the risk of carbon leakage, which occurs when, due to costs arising from climate policies, companies in certain industrial sectors or subsectors shift their production to other countries, or when imports from these countries replace equivalent products that are less greenhouse gas-intensive.<\/p>\n\n\n\n<p>The CBAM is expected to contribute to promoting decarbonization in third countries by acting as a benchmark that drives the adoption of measures establishing a fair price for carbon emissions from the production of specific goods.<\/p>\n\n\n\n<p>Learn all the details about the entry into force of the definitive period at the following link:<a href=\"https:\/\/www.miteco.gob.es\/es\/cambio-climatico\/temas\/cbam\/periodo-definitivo.html\">https:\/\/www.miteco.gob.es\/es\/cambio-climatico\/temas\/cbam\/periodo-definitivo.html<\/a><\/p>","protected":false},"excerpt":{"rendered":"<p>A partir del 1 de enero de 2026, comienza el periodo definitivo del CBAM. Los declarantes autorizados deber\u00e1n declarar cada a\u00f1o la cantidad de mercanc\u00edas importadas en la UE el a\u00f1o anterior y las emisiones de Gases de Efecto Invernadero (GEI) impl\u00edcitas. El per\u00edodo transitorio del&nbsp;Mecanismo de Ajuste en Frontera por Carbono (CBAM)&nbsp;aprobado por la [&hellip;]<\/p>\n","protected":false},"author":8,"featured_media":13944,"comment_status":"closed","ping_status":"closed","sticky":false,"template":"","format":"standard","meta":{"_acf_changed":false,"_joinchat":[],"footnotes":""},"categories":[215],"tags":[],"class_list":["post-13894","post","type-post","status-publish","format-standard","has-post-thumbnail","hentry","category-legislacion-y-normalizacion"],"acf":[],"yoast_head":"<!-- This site is optimized with the Yoast SEO plugin v27.2 - https:\/\/yoast.com\/product\/yoast-seo-wordpress\/ -->\n<title>Pr\u00f3xima entrada en vigor del Mecanismo de Ajuste en Frontera por Carbono (CBAM) - Anmopyc<\/title>\n<meta name=\"robots\" content=\"index, follow, max-snippet:-1, max-image-preview:large, max-video-preview:-1\" \/>\n<link rel=\"canonical\" href=\"https:\/\/anmopyc.es\/en\/forthcoming-entry-into-force-of-the-carbon-border-adjustment-mechanism-cbam\/\" \/>\n<meta property=\"og:locale\" content=\"en_US\" \/>\n<meta property=\"og:type\" content=\"article\" \/>\n<meta property=\"og:title\" content=\"Pr\u00f3xima entrada en vigor del Mecanismo de Ajuste en Frontera por Carbono (CBAM) - Anmopyc\" \/>\n<meta property=\"og:description\" content=\"A partir del 1 de enero de 2026, comienza el periodo definitivo del CBAM. Los declarantes autorizados deber\u00e1n declarar cada a\u00f1o la cantidad de mercanc\u00edas importadas en la UE el a\u00f1o anterior y las emisiones de Gases de Efecto Invernadero (GEI) impl\u00edcitas. El per\u00edodo transitorio del&nbsp;Mecanismo de Ajuste en Frontera por Carbono (CBAM)&nbsp;aprobado por la [&hellip;]\" \/>\n<meta property=\"og:url\" content=\"https:\/\/anmopyc.es\/en\/forthcoming-entry-into-force-of-the-carbon-border-adjustment-mechanism-cbam\/\" \/>\n<meta property=\"og:site_name\" content=\"Anmopyc\" \/>\n<meta property=\"article:publisher\" content=\"https:\/\/www.facebook.com\/anmopyc.red\" \/>\n<meta property=\"article:published_time\" content=\"2025-12-17T06:51:40+00:00\" \/>\n<meta property=\"article:modified_time\" content=\"2025-12-29T07:35:06+00:00\" \/>\n<meta property=\"og:image\" content=\"https:\/\/anmopyc.es\/wp-content\/uploads\/2025\/12\/Imagen-webp-1.webp\" \/>\n\t<meta property=\"og:image:width\" content=\"1280\" \/>\n\t<meta property=\"og:image:height\" content=\"720\" \/>\n\t<meta property=\"og:image:type\" content=\"image\/webp\" \/>\n<meta name=\"author\" content=\"Javier Salvador\" \/>\n<meta name=\"twitter:card\" content=\"summary_large_image\" \/>\n<meta name=\"twitter:label1\" content=\"Written by\" \/>\n\t<meta name=\"twitter:data1\" content=\"Javier Salvador\" \/>\n\t<meta name=\"twitter:label2\" content=\"Est. reading time\" \/>\n\t<meta name=\"twitter:data2\" content=\"2 minutes\" \/>\n<script type=\"application\/ld+json\" class=\"yoast-schema-graph\">{\"@context\":\"https:\/\/schema.org\",\"@graph\":[{\"@type\":\"Article\",\"@id\":\"https:\/\/anmopyc.es\/en\/proxima-entrada-en-vigor-del-mecanismo-de-ajuste-en-frontera-por-carbono-cbam\/#article\",\"isPartOf\":{\"@id\":\"https:\/\/anmopyc.es\/en\/proxima-entrada-en-vigor-del-mecanismo-de-ajuste-en-frontera-por-carbono-cbam\/\"},\"author\":{\"name\":\"Javier Salvador\",\"@id\":\"https:\/\/anmopyc.es\/en\/#\/schema\/person\/63199c82e98f713d9bd8f20ebfdde1fa\"},\"headline\":\"Pr\u00f3xima entrada en vigor del Mecanismo de Ajuste en Frontera por Carbono (CBAM)\",\"datePublished\":\"2025-12-17T06:51:40+00:00\",\"dateModified\":\"2025-12-29T07:35:06+00:00\",\"mainEntityOfPage\":{\"@id\":\"https:\/\/anmopyc.es\/en\/proxima-entrada-en-vigor-del-mecanismo-de-ajuste-en-frontera-por-carbono-cbam\/\"},\"wordCount\":330,\"publisher\":{\"@id\":\"https:\/\/anmopyc.es\/en\/#organization\"},\"image\":{\"@id\":\"https:\/\/anmopyc.es\/en\/proxima-entrada-en-vigor-del-mecanismo-de-ajuste-en-frontera-por-carbono-cbam\/#primaryimage\"},\"thumbnailUrl\":\"https:\/\/anmopyc.es\/wp-content\/uploads\/2025\/12\/Imagen-webp-1.webp\",\"articleSection\":[\"Legislaci\u00f3n y Normalizaci\u00f3n\"],\"inLanguage\":\"en-US\"},{\"@type\":\"WebPage\",\"@id\":\"https:\/\/anmopyc.es\/en\/proxima-entrada-en-vigor-del-mecanismo-de-ajuste-en-frontera-por-carbono-cbam\/\",\"url\":\"https:\/\/anmopyc.es\/en\/proxima-entrada-en-vigor-del-mecanismo-de-ajuste-en-frontera-por-carbono-cbam\/\",\"name\":\"Pr\u00f3xima entrada en vigor del Mecanismo de Ajuste en Frontera por Carbono (CBAM) - Anmopyc\",\"isPartOf\":{\"@id\":\"https:\/\/anmopyc.es\/en\/#website\"},\"primaryImageOfPage\":{\"@id\":\"https:\/\/anmopyc.es\/en\/proxima-entrada-en-vigor-del-mecanismo-de-ajuste-en-frontera-por-carbono-cbam\/#primaryimage\"},\"image\":{\"@id\":\"https:\/\/anmopyc.es\/en\/proxima-entrada-en-vigor-del-mecanismo-de-ajuste-en-frontera-por-carbono-cbam\/#primaryimage\"},\"thumbnailUrl\":\"https:\/\/anmopyc.es\/wp-content\/uploads\/2025\/12\/Imagen-webp-1.webp\",\"datePublished\":\"2025-12-17T06:51:40+00:00\",\"dateModified\":\"2025-12-29T07:35:06+00:00\",\"breadcrumb\":{\"@id\":\"https:\/\/anmopyc.es\/en\/proxima-entrada-en-vigor-del-mecanismo-de-ajuste-en-frontera-por-carbono-cbam\/#breadcrumb\"},\"inLanguage\":\"en-US\",\"potentialAction\":[{\"@type\":\"ReadAction\",\"target\":[\"https:\/\/anmopyc.es\/en\/proxima-entrada-en-vigor-del-mecanismo-de-ajuste-en-frontera-por-carbono-cbam\/\"]}]},{\"@type\":\"ImageObject\",\"inLanguage\":\"en-US\",\"@id\":\"https:\/\/anmopyc.es\/en\/proxima-entrada-en-vigor-del-mecanismo-de-ajuste-en-frontera-por-carbono-cbam\/#primaryimage\",\"url\":\"https:\/\/anmopyc.es\/wp-content\/uploads\/2025\/12\/Imagen-webp-1.webp\",\"contentUrl\":\"https:\/\/anmopyc.es\/wp-content\/uploads\/2025\/12\/Imagen-webp-1.webp\",\"width\":1280,\"height\":720},{\"@type\":\"BreadcrumbList\",\"@id\":\"https:\/\/anmopyc.es\/en\/proxima-entrada-en-vigor-del-mecanismo-de-ajuste-en-frontera-por-carbono-cbam\/#breadcrumb\",\"itemListElement\":[{\"@type\":\"ListItem\",\"position\":1,\"name\":\"Home\",\"item\":\"https:\/\/anmopyc.es\/en\/\"},{\"@type\":\"ListItem\",\"position\":2,\"name\":\"Pr\u00f3xima entrada en vigor del Mecanismo de Ajuste en Frontera por Carbono (CBAM)\"}]},{\"@type\":\"WebSite\",\"@id\":\"https:\/\/anmopyc.es\/en\/#website\",\"url\":\"https:\/\/anmopyc.es\/en\/\",\"name\":\"Anmopyc\",\"description\":\"\",\"publisher\":{\"@id\":\"https:\/\/anmopyc.es\/en\/#organization\"},\"potentialAction\":[{\"@type\":\"SearchAction\",\"target\":{\"@type\":\"EntryPoint\",\"urlTemplate\":\"https:\/\/anmopyc.es\/en\/?s={search_term_string}\"},\"query-input\":{\"@type\":\"PropertyValueSpecification\",\"valueRequired\":true,\"valueName\":\"search_term_string\"}}],\"inLanguage\":\"en-US\"},{\"@type\":\"Organization\",\"@id\":\"https:\/\/anmopyc.es\/en\/#organization\",\"name\":\"Anmopyc\",\"url\":\"https:\/\/anmopyc.es\/en\/\",\"logo\":{\"@type\":\"ImageObject\",\"inLanguage\":\"en-US\",\"@id\":\"https:\/\/anmopyc.es\/en\/#\/schema\/logo\/image\/\",\"url\":\"https:\/\/anmopyc.es\/wp-content\/uploads\/2025\/10\/anmopyc-correctoAZUL.svg\",\"contentUrl\":\"https:\/\/anmopyc.es\/wp-content\/uploads\/2025\/10\/anmopyc-correctoAZUL.svg\",\"width\":372,\"height\":129,\"caption\":\"Anmopyc\"},\"image\":{\"@id\":\"https:\/\/anmopyc.es\/en\/#\/schema\/logo\/image\/\"},\"sameAs\":[\"https:\/\/www.facebook.com\/anmopyc.red\"]},{\"@type\":\"Person\",\"@id\":\"https:\/\/anmopyc.es\/en\/#\/schema\/person\/63199c82e98f713d9bd8f20ebfdde1fa\",\"name\":\"Javier Salvador\",\"image\":{\"@type\":\"ImageObject\",\"inLanguage\":\"en-US\",\"@id\":\"https:\/\/secure.gravatar.com\/avatar\/c3c3184ded44a29cc36d4759b237965eb65544eb3a8aef1489480fe1b148bbbb?s=96&d=mm&r=g\",\"url\":\"https:\/\/secure.gravatar.com\/avatar\/c3c3184ded44a29cc36d4759b237965eb65544eb3a8aef1489480fe1b148bbbb?s=96&d=mm&r=g\",\"contentUrl\":\"https:\/\/secure.gravatar.com\/avatar\/c3c3184ded44a29cc36d4759b237965eb65544eb3a8aef1489480fe1b148bbbb?s=96&d=mm&r=g\",\"caption\":\"Javier Salvador\"},\"url\":\"https:\/\/anmopyc.es\/en\/author\/javier\/\"}]}<\/script>\n<!-- \/ Yoast SEO plugin. -->","yoast_head_json":{"title":"Forthcoming entry into force of the Carbon Border Adjustment Mechanism (CBAM) - Anmopyc","robots":{"index":"index","follow":"follow","max-snippet":"max-snippet:-1","max-image-preview":"max-image-preview:large","max-video-preview":"max-video-preview:-1"},"canonical":"https:\/\/anmopyc.es\/en\/forthcoming-entry-into-force-of-the-carbon-border-adjustment-mechanism-cbam\/","og_locale":"en_US","og_type":"article","og_title":"Pr\u00f3xima entrada en vigor del Mecanismo de Ajuste en Frontera por Carbono (CBAM) - Anmopyc","og_description":"A partir del 1 de enero de 2026, comienza el periodo definitivo del CBAM. Los declarantes autorizados deber\u00e1n declarar cada a\u00f1o la cantidad de mercanc\u00edas importadas en la UE el a\u00f1o anterior y las emisiones de Gases de Efecto Invernadero (GEI) impl\u00edcitas. El per\u00edodo transitorio del&nbsp;Mecanismo de Ajuste en Frontera por Carbono (CBAM)&nbsp;aprobado por la [&hellip;]","og_url":"https:\/\/anmopyc.es\/en\/forthcoming-entry-into-force-of-the-carbon-border-adjustment-mechanism-cbam\/","og_site_name":"Anmopyc","article_publisher":"https:\/\/www.facebook.com\/anmopyc.red","article_published_time":"2025-12-17T06:51:40+00:00","article_modified_time":"2025-12-29T07:35:06+00:00","og_image":[{"width":1280,"height":720,"url":"https:\/\/anmopyc.es\/wp-content\/uploads\/2025\/12\/Imagen-webp-1.webp","type":"image\/webp"}],"author":"Javier Salvador","twitter_card":"summary_large_image","twitter_misc":{"Written by":"Javier Salvador","Est. reading time":"2 minutes"},"schema":{"@context":"https:\/\/schema.org","@graph":[{"@type":"Article","@id":"https:\/\/anmopyc.es\/en\/proxima-entrada-en-vigor-del-mecanismo-de-ajuste-en-frontera-por-carbono-cbam\/#article","isPartOf":{"@id":"https:\/\/anmopyc.es\/en\/proxima-entrada-en-vigor-del-mecanismo-de-ajuste-en-frontera-por-carbono-cbam\/"},"author":{"name":"Javier Salvador","@id":"https:\/\/anmopyc.es\/en\/#\/schema\/person\/63199c82e98f713d9bd8f20ebfdde1fa"},"headline":"Pr\u00f3xima entrada en vigor del Mecanismo de Ajuste en Frontera por Carbono (CBAM)","datePublished":"2025-12-17T06:51:40+00:00","dateModified":"2025-12-29T07:35:06+00:00","mainEntityOfPage":{"@id":"https:\/\/anmopyc.es\/en\/proxima-entrada-en-vigor-del-mecanismo-de-ajuste-en-frontera-por-carbono-cbam\/"},"wordCount":330,"publisher":{"@id":"https:\/\/anmopyc.es\/en\/#organization"},"image":{"@id":"https:\/\/anmopyc.es\/en\/proxima-entrada-en-vigor-del-mecanismo-de-ajuste-en-frontera-por-carbono-cbam\/#primaryimage"},"thumbnailUrl":"https:\/\/anmopyc.es\/wp-content\/uploads\/2025\/12\/Imagen-webp-1.webp","articleSection":["Legislaci\u00f3n y Normalizaci\u00f3n"],"inLanguage":"en-US"},{"@type":"WebPage","@id":"https:\/\/anmopyc.es\/en\/proxima-entrada-en-vigor-del-mecanismo-de-ajuste-en-frontera-por-carbono-cbam\/","url":"https:\/\/anmopyc.es\/en\/proxima-entrada-en-vigor-del-mecanismo-de-ajuste-en-frontera-por-carbono-cbam\/","name":"Forthcoming entry into force of the Carbon Border Adjustment Mechanism (CBAM) - Anmopyc","isPartOf":{"@id":"https:\/\/anmopyc.es\/en\/#website"},"primaryImageOfPage":{"@id":"https:\/\/anmopyc.es\/en\/proxima-entrada-en-vigor-del-mecanismo-de-ajuste-en-frontera-por-carbono-cbam\/#primaryimage"},"image":{"@id":"https:\/\/anmopyc.es\/en\/proxima-entrada-en-vigor-del-mecanismo-de-ajuste-en-frontera-por-carbono-cbam\/#primaryimage"},"thumbnailUrl":"https:\/\/anmopyc.es\/wp-content\/uploads\/2025\/12\/Imagen-webp-1.webp","datePublished":"2025-12-17T06:51:40+00:00","dateModified":"2025-12-29T07:35:06+00:00","breadcrumb":{"@id":"https:\/\/anmopyc.es\/en\/proxima-entrada-en-vigor-del-mecanismo-de-ajuste-en-frontera-por-carbono-cbam\/#breadcrumb"},"inLanguage":"en-US","potentialAction":[{"@type":"ReadAction","target":["https:\/\/anmopyc.es\/en\/proxima-entrada-en-vigor-del-mecanismo-de-ajuste-en-frontera-por-carbono-cbam\/"]}]},{"@type":"ImageObject","inLanguage":"en-US","@id":"https:\/\/anmopyc.es\/en\/proxima-entrada-en-vigor-del-mecanismo-de-ajuste-en-frontera-por-carbono-cbam\/#primaryimage","url":"https:\/\/anmopyc.es\/wp-content\/uploads\/2025\/12\/Imagen-webp-1.webp","contentUrl":"https:\/\/anmopyc.es\/wp-content\/uploads\/2025\/12\/Imagen-webp-1.webp","width":1280,"height":720},{"@type":"BreadcrumbList","@id":"https:\/\/anmopyc.es\/en\/proxima-entrada-en-vigor-del-mecanismo-de-ajuste-en-frontera-por-carbono-cbam\/#breadcrumb","itemListElement":[{"@type":"ListItem","position":1,"name":"Home","item":"https:\/\/anmopyc.es\/en\/"},{"@type":"ListItem","position":2,"name":"Pr\u00f3xima entrada en vigor del Mecanismo de Ajuste en Frontera por Carbono (CBAM)"}]},{"@type":"WebSite","@id":"https:\/\/anmopyc.es\/en\/#website","url":"https:\/\/anmopyc.es\/en\/","name":"Anmopyc","description":"","publisher":{"@id":"https:\/\/anmopyc.es\/en\/#organization"},"potentialAction":[{"@type":"SearchAction","target":{"@type":"EntryPoint","urlTemplate":"https:\/\/anmopyc.es\/en\/?s={search_term_string}"},"query-input":{"@type":"PropertyValueSpecification","valueRequired":true,"valueName":"search_term_string"}}],"inLanguage":"en-US"},{"@type":"Organization","@id":"https:\/\/anmopyc.es\/en\/#organization","name":"Anmopyc","url":"https:\/\/anmopyc.es\/en\/","logo":{"@type":"ImageObject","inLanguage":"en-US","@id":"https:\/\/anmopyc.es\/en\/#\/schema\/logo\/image\/","url":"https:\/\/anmopyc.es\/wp-content\/uploads\/2025\/10\/anmopyc-correctoAZUL.svg","contentUrl":"https:\/\/anmopyc.es\/wp-content\/uploads\/2025\/10\/anmopyc-correctoAZUL.svg","width":372,"height":129,"caption":"Anmopyc"},"image":{"@id":"https:\/\/anmopyc.es\/en\/#\/schema\/logo\/image\/"},"sameAs":["https:\/\/www.facebook.com\/anmopyc.red"]},{"@type":"Person","@id":"https:\/\/anmopyc.es\/en\/#\/schema\/person\/63199c82e98f713d9bd8f20ebfdde1fa","name":"Javier Salvador","image":{"@type":"ImageObject","inLanguage":"en-US","@id":"https:\/\/secure.gravatar.com\/avatar\/c3c3184ded44a29cc36d4759b237965eb65544eb3a8aef1489480fe1b148bbbb?s=96&d=mm&r=g","url":"https:\/\/secure.gravatar.com\/avatar\/c3c3184ded44a29cc36d4759b237965eb65544eb3a8aef1489480fe1b148bbbb?s=96&d=mm&r=g","contentUrl":"https:\/\/secure.gravatar.com\/avatar\/c3c3184ded44a29cc36d4759b237965eb65544eb3a8aef1489480fe1b148bbbb?s=96&d=mm&r=g","caption":"Javier Salvador"},"url":"https:\/\/anmopyc.es\/en\/author\/javier\/"}]}},"_links":{"self":[{"href":"https:\/\/anmopyc.es\/en\/wp-json\/wp\/v2\/posts\/13894","targetHints":{"allow":["GET"]}}],"collection":[{"href":"https:\/\/anmopyc.es\/en\/wp-json\/wp\/v2\/posts"}],"about":[{"href":"https:\/\/anmopyc.es\/en\/wp-json\/wp\/v2\/types\/post"}],"author":[{"embeddable":true,"href":"https:\/\/anmopyc.es\/en\/wp-json\/wp\/v2\/users\/8"}],"replies":[{"embeddable":true,"href":"https:\/\/anmopyc.es\/en\/wp-json\/wp\/v2\/comments?post=13894"}],"version-history":[{"count":1,"href":"https:\/\/anmopyc.es\/en\/wp-json\/wp\/v2\/posts\/13894\/revisions"}],"predecessor-version":[{"id":13898,"href":"https:\/\/anmopyc.es\/en\/wp-json\/wp\/v2\/posts\/13894\/revisions\/13898"}],"wp:featuredmedia":[{"embeddable":true,"href":"https:\/\/anmopyc.es\/en\/wp-json\/wp\/v2\/media\/13944"}],"wp:attachment":[{"href":"https:\/\/anmopyc.es\/en\/wp-json\/wp\/v2\/media?parent=13894"}],"wp:term":[{"taxonomy":"category","embeddable":true,"href":"https:\/\/anmopyc.es\/en\/wp-json\/wp\/v2\/categories?post=13894"},{"taxonomy":"post_tag","embeddable":true,"href":"https:\/\/anmopyc.es\/en\/wp-json\/wp\/v2\/tags?post=13894"}],"curies":[{"name":"wp","href":"https:\/\/api.w.org\/{rel}","templated":true}]}}