{"id":19398,"date":"2026-09-04T11:40:55","date_gmt":"2026-09-04T11:40:55","guid":{"rendered":"https:\/\/anmopyc.es\/?p=19398"},"modified":"2026-09-04T11:40:56","modified_gmt":"2026-09-04T11:40:56","slug":"teltronic-proveera-el-sistema-de-comunicaciones-banda-ancha-de-las-nuevas-lineas-de-efe-trenes-de-chile","status":"publish","type":"post","link":"https:\/\/anmopyc.es\/en\/teltronic-proveera-el-sistema-de-comunicaciones-banda-ancha-de-las-nuevas-lineas-de-efe-trenes-de-chile\/","title":{"rendered":"Teltronic proveer\u00e1 el sistema de comunicaciones banda ancha de las nuevas l\u00edneas de EFE Trenes de Chile"},"content":{"rendered":"<p class=\"wp-block-paragraph\"><strong>Siemens Mobility, adjudicataria del proyecto, conf\u00eda en la compa\u00f1\u00eda espa\u00f1ola para desplegar una red privada 4G y equipar los trenes con su soluci\u00f3n embarcada para servicios de transmisi\u00f3n de datos tren-tierra<\/strong>.<\/p>\n\n\n\n<p class=\"wp-block-paragraph\"><strong>La red ser\u00e1 soporte del sistema de se\u00f1alizaci\u00f3n ETCS de nivel 2 y se integrar\u00e1 con el sistema Informaci\u00f3n al Pasajero, de megafon\u00eda y de CCTV<\/strong>. <strong>La infraestructura de comunicaci\u00f3n es 5G ready, por lo que podr\u00eda evolucionar a 5G simplemente a trav\u00e9s de una actualizaci\u00f3n de software<\/strong>.<\/p>\n\n\n\n<p class=\"wp-block-paragraph\">Teltronic, empresa espa\u00f1ola con m\u00e1s de 50 a\u00f1os de experiencia en el sector de las comunicaciones cr\u00edticas, ser\u00e1 la responsable del suministro de la red de comunicaciones banda ancha que d\u00e9 servicio de transmisi\u00f3n de datos a las dos nuevas l\u00edneas de EFE Trenes de Chile, que conectar\u00e1n la capital, Santiago de Chile, con las localidades de Melipilla y Batuco, dentro del proyecto adjudicado por la ferroviaria chilena a Siemens Mobility para la implementaci\u00f3n del primer sistema ETCS Nivel 2 del pa\u00eds.<\/p>\n\n\n\n<p class=\"wp-block-paragraph\">De este modo, Siemens Mobility conf\u00eda en Teltronic para el despliegue de una red privada 4G que dar\u00e1 cobertura a lo largo de los 87 kil\u00f3metros de nuevas l\u00edneas. Se trata de un sistema 5G ready, es decir, un equipamiento que puede evolucionar a tecnolog\u00eda 5G simplemente a trav\u00e9s de una actualizaci\u00f3n de software. Adem\u00e1s, la infraestructura incorpora dos nodos de control, principal y redundante, para garantizar la robustez del sistema.<\/p>\n\n\n\n<p class=\"wp-block-paragraph\">Lee la noticia completa aqu\u00ed: <a href=\"https:\/\/www.teltronic.es\/teltronic-proveera-el-sistema-de-comunicaciones-banda-ancha-de-las-nuevas-lineas-de-efe-trenes-de-chile\/\">https:\/\/www.teltronic.es\/teltronic-proveera-el-sistema-de-comunicaciones-banda-ancha-de-las-nuevas-lineas-de-efe-trenes-de-chile\/<\/a><\/p>\n\n\n\n<p class=\"wp-block-paragraph\"><\/p>","protected":false},"excerpt":{"rendered":"<p>Siemens Mobility, adjudicataria del proyecto, conf\u00eda en la compa\u00f1\u00eda espa\u00f1ola para desplegar una red privada 4G y equipar los trenes con su soluci\u00f3n embarcada para servicios de transmisi\u00f3n de datos tren-tierra. La red ser\u00e1 soporte del sistema de se\u00f1alizaci\u00f3n ETCS de nivel 2 y se integrar\u00e1 con el sistema Informaci\u00f3n al Pasajero, de megafon\u00eda y [&hellip;]<\/p>\n","protected":false},"author":7754,"featured_media":19400,"comment_status":"closed","ping_status":"closed","sticky":false,"template":"","format":"standard","meta":{"_acf_changed":false,"_joinchat":[],"footnotes":""},"categories":[217],"tags":[],"class_list":["post-19398","post","type-post","status-publish","format-standard","has-post-thumbnail","hentry","category-noticias-de-asociados"],"acf":[],"yoast_head":"<!-- This site is optimized with the Yoast SEO plugin v28.4 - https:\/\/yoast.com\/product\/yoast-seo-wordpress\/ -->\n<title>Teltronic proveer\u00e1 el sistema de comunicaciones banda ancha de las nuevas l\u00edneas de EFE Trenes de Chile - Anmopyc<\/title>\n<meta name=\"robots\" content=\"index, follow, max-snippet:-1, max-image-preview:large, max-video-preview:-1\" \/>\n<link rel=\"canonical\" href=\"https:\/\/anmopyc.es\/en\/teltronic-proveera-el-sistema-de-comunicaciones-banda-ancha-de-las-nuevas-lineas-de-efe-trenes-de-chile\/\" \/>\n<meta property=\"og:locale\" content=\"en_US\" \/>\n<meta property=\"og:type\" content=\"article\" \/>\n<meta property=\"og:title\" content=\"Teltronic proveer\u00e1 el sistema de comunicaciones banda ancha de las nuevas l\u00edneas de EFE Trenes de Chile - Anmopyc\" \/>\n<meta property=\"og:description\" content=\"Siemens Mobility, adjudicataria del proyecto, conf\u00eda en la compa\u00f1\u00eda espa\u00f1ola para desplegar una red privada 4G y equipar los trenes con su soluci\u00f3n embarcada para servicios de transmisi\u00f3n de datos tren-tierra. La red ser\u00e1 soporte del sistema de se\u00f1alizaci\u00f3n ETCS de nivel 2 y se integrar\u00e1 con el sistema Informaci\u00f3n al Pasajero, de megafon\u00eda y [&hellip;]\" \/>\n<meta property=\"og:url\" content=\"https:\/\/anmopyc.es\/en\/teltronic-proveera-el-sistema-de-comunicaciones-banda-ancha-de-las-nuevas-lineas-de-efe-trenes-de-chile\/\" \/>\n<meta property=\"og:site_name\" content=\"Anmopyc\" \/>\n<meta property=\"article:publisher\" content=\"https:\/\/www.facebook.com\/anmopyc.red\" \/>\n<meta property=\"article:published_time\" content=\"2026-09-04T11:40:55+00:00\" \/>\n<meta property=\"article:modified_time\" content=\"2026-09-04T11:40:56+00:00\" \/>\n<meta property=\"og:image\" content=\"https:\/\/anmopyc.es\/wp-content\/uploads\/2026\/09\/Noticia-TELTRONIC.webp\" \/>\n\t<meta property=\"og:image:width\" content=\"861\" \/>\n\t<meta property=\"og:image:height\" content=\"358\" \/>\n\t<meta property=\"og:image:type\" content=\"image\/webp\" \/>\n<meta name=\"author\" content=\"Javi S\" \/>\n<meta name=\"twitter:card\" content=\"summary_large_image\" \/>\n<meta name=\"twitter:label1\" content=\"Written by\" \/>\n\t<meta name=\"twitter:data1\" content=\"Javi S\" \/>\n\t<meta name=\"twitter:label2\" content=\"Est. reading time\" \/>\n\t<meta name=\"twitter:data2\" content=\"2 minutes\" \/>\n<script type=\"application\/ld+json\" class=\"yoast-schema-graph\">{\"@context\":\"https:\\\/\\\/schema.org\",\"@graph\":[{\"@type\":\"Article\",\"@id\":\"https:\\\/\\\/anmopyc.es\\\/teltronic-proveera-el-sistema-de-comunicaciones-banda-ancha-de-las-nuevas-lineas-de-efe-trenes-de-chile\\\/#article\",\"isPartOf\":{\"@id\":\"https:\\\/\\\/anmopyc.es\\\/teltronic-proveera-el-sistema-de-comunicaciones-banda-ancha-de-las-nuevas-lineas-de-efe-trenes-de-chile\\\/\"},\"author\":{\"name\":\"Javi S\",\"@id\":\"https:\\\/\\\/anmopyc.es\\\/#\\\/schema\\\/person\\\/69c5ad016d410509f1ac48d21d3ae300\"},\"headline\":\"Teltronic proveer\u00e1 el sistema de comunicaciones banda ancha de las nuevas l\u00edneas de EFE Trenes de Chile\",\"datePublished\":\"2026-09-04T11:40:55+00:00\",\"dateModified\":\"2026-09-04T11:40:56+00:00\",\"mainEntityOfPage\":{\"@id\":\"https:\\\/\\\/anmopyc.es\\\/teltronic-proveera-el-sistema-de-comunicaciones-banda-ancha-de-las-nuevas-lineas-de-efe-trenes-de-chile\\\/\"},\"wordCount\":285,\"publisher\":{\"@id\":\"https:\\\/\\\/anmopyc.es\\\/#organization\"},\"image\":{\"@id\":\"https:\\\/\\\/anmopyc.es\\\/teltronic-proveera-el-sistema-de-comunicaciones-banda-ancha-de-las-nuevas-lineas-de-efe-trenes-de-chile\\\/#primaryimage\"},\"thumbnailUrl\":\"https:\\\/\\\/anmopyc.es\\\/wp-content\\\/uploads\\\/2026\\\/09\\\/Noticia-TELTRONIC.webp\",\"articleSection\":[\"Noticias de asociados\"],\"inLanguage\":\"en-US\"},{\"@type\":\"WebPage\",\"@id\":\"https:\\\/\\\/anmopyc.es\\\/teltronic-proveera-el-sistema-de-comunicaciones-banda-ancha-de-las-nuevas-lineas-de-efe-trenes-de-chile\\\/\",\"url\":\"https:\\\/\\\/anmopyc.es\\\/teltronic-proveera-el-sistema-de-comunicaciones-banda-ancha-de-las-nuevas-lineas-de-efe-trenes-de-chile\\\/\",\"name\":\"Teltronic proveer\u00e1 el sistema de comunicaciones banda ancha de las nuevas l\u00edneas de EFE Trenes de Chile - Anmopyc\",\"isPartOf\":{\"@id\":\"https:\\\/\\\/anmopyc.es\\\/#website\"},\"primaryImageOfPage\":{\"@id\":\"https:\\\/\\\/anmopyc.es\\\/teltronic-proveera-el-sistema-de-comunicaciones-banda-ancha-de-las-nuevas-lineas-de-efe-trenes-de-chile\\\/#primaryimage\"},\"image\":{\"@id\":\"https:\\\/\\\/anmopyc.es\\\/teltronic-proveera-el-sistema-de-comunicaciones-banda-ancha-de-las-nuevas-lineas-de-efe-trenes-de-chile\\\/#primaryimage\"},\"thumbnailUrl\":\"https:\\\/\\\/anmopyc.es\\\/wp-content\\\/uploads\\\/2026\\\/09\\\/Noticia-TELTRONIC.webp\",\"datePublished\":\"2026-09-04T11:40:55+00:00\",\"dateModified\":\"2026-09-04T11:40:56+00:00\",\"breadcrumb\":{\"@id\":\"https:\\\/\\\/anmopyc.es\\\/teltronic-proveera-el-sistema-de-comunicaciones-banda-ancha-de-las-nuevas-lineas-de-efe-trenes-de-chile\\\/#breadcrumb\"},\"inLanguage\":\"en-US\",\"potentialAction\":[{\"@type\":\"ReadAction\",\"target\":[\"https:\\\/\\\/anmopyc.es\\\/teltronic-proveera-el-sistema-de-comunicaciones-banda-ancha-de-las-nuevas-lineas-de-efe-trenes-de-chile\\\/\"]}]},{\"@type\":\"ImageObject\",\"inLanguage\":\"en-US\",\"@id\":\"https:\\\/\\\/anmopyc.es\\\/teltronic-proveera-el-sistema-de-comunicaciones-banda-ancha-de-las-nuevas-lineas-de-efe-trenes-de-chile\\\/#primaryimage\",\"url\":\"https:\\\/\\\/anmopyc.es\\\/wp-content\\\/uploads\\\/2026\\\/09\\\/Noticia-TELTRONIC.webp\",\"contentUrl\":\"https:\\\/\\\/anmopyc.es\\\/wp-content\\\/uploads\\\/2026\\\/09\\\/Noticia-TELTRONIC.webp\",\"width\":861,\"height\":358},{\"@type\":\"BreadcrumbList\",\"@id\":\"https:\\\/\\\/anmopyc.es\\\/teltronic-proveera-el-sistema-de-comunicaciones-banda-ancha-de-las-nuevas-lineas-de-efe-trenes-de-chile\\\/#breadcrumb\",\"itemListElement\":[{\"@type\":\"ListItem\",\"position\":1,\"name\":\"Home\",\"item\":\"https:\\\/\\\/anmopyc.es\\\/\"},{\"@type\":\"ListItem\",\"position\":2,\"name\":\"Teltronic proveer\u00e1 el sistema de comunicaciones banda ancha de las nuevas l\u00edneas de EFE Trenes de Chile\"}]},{\"@type\":\"WebSite\",\"@id\":\"https:\\\/\\\/anmopyc.es\\\/#website\",\"url\":\"https:\\\/\\\/anmopyc.es\\\/\",\"name\":\"Anmopyc\",\"description\":\"\",\"publisher\":{\"@id\":\"https:\\\/\\\/anmopyc.es\\\/#organization\"},\"potentialAction\":[{\"@type\":\"SearchAction\",\"target\":{\"@type\":\"EntryPoint\",\"urlTemplate\":\"https:\\\/\\\/anmopyc.es\\\/?s={search_term_string}\"},\"query-input\":{\"@type\":\"PropertyValueSpecification\",\"valueRequired\":true,\"valueName\":\"search_term_string\"}}],\"inLanguage\":\"en-US\"},{\"@type\":\"Organization\",\"@id\":\"https:\\\/\\\/anmopyc.es\\\/#organization\",\"name\":\"Anmopyc\",\"url\":\"https:\\\/\\\/anmopyc.es\\\/\",\"logo\":{\"@type\":\"ImageObject\",\"inLanguage\":\"en-US\",\"@id\":\"https:\\\/\\\/anmopyc.es\\\/#\\\/schema\\\/logo\\\/image\\\/\",\"url\":\"https:\\\/\\\/anmopyc.es\\\/wp-content\\\/uploads\\\/2025\\\/10\\\/anmopyc-correctoAZUL.svg\",\"contentUrl\":\"https:\\\/\\\/anmopyc.es\\\/wp-content\\\/uploads\\\/2025\\\/10\\\/anmopyc-correctoAZUL.svg\",\"width\":372,\"height\":129,\"caption\":\"Anmopyc\"},\"image\":{\"@id\":\"https:\\\/\\\/anmopyc.es\\\/#\\\/schema\\\/logo\\\/image\\\/\"},\"sameAs\":[\"https:\\\/\\\/www.facebook.com\\\/anmopyc.red\"]},{\"@type\":\"Person\",\"@id\":\"https:\\\/\\\/anmopyc.es\\\/#\\\/schema\\\/person\\\/69c5ad016d410509f1ac48d21d3ae300\",\"name\":\"Javi S\",\"image\":{\"@type\":\"ImageObject\",\"inLanguage\":\"en-US\",\"@id\":\"https:\\\/\\\/secure.gravatar.com\\\/avatar\\\/8021831bb479e5d17ff4b5420b3b9e9f2dd1a13191e3bb11b3273fb2a276f307?s=96&d=mm&r=g\",\"url\":\"https:\\\/\\\/secure.gravatar.com\\\/avatar\\\/8021831bb479e5d17ff4b5420b3b9e9f2dd1a13191e3bb11b3273fb2a276f307?s=96&d=mm&r=g\",\"contentUrl\":\"https:\\\/\\\/secure.gravatar.com\\\/avatar\\\/8021831bb479e5d17ff4b5420b3b9e9f2dd1a13191e3bb11b3273fb2a276f307?s=96&d=mm&r=g\",\"caption\":\"Javi S\"},\"url\":\"https:\\\/\\\/anmopyc.es\\\/en\\\/author\\\/javi\\\/\"}]}<\/script>\n<!-- \/ Yoast SEO plugin. -->","yoast_head_json":{"title":"Teltronic proveer\u00e1 el sistema de comunicaciones banda ancha de las nuevas l\u00edneas de EFE Trenes de Chile - Anmopyc","robots":{"index":"index","follow":"follow","max-snippet":"max-snippet:-1","max-image-preview":"max-image-preview:large","max-video-preview":"max-video-preview:-1"},"canonical":"https:\/\/anmopyc.es\/en\/teltronic-proveera-el-sistema-de-comunicaciones-banda-ancha-de-las-nuevas-lineas-de-efe-trenes-de-chile\/","og_locale":"en_US","og_type":"article","og_title":"Teltronic proveer\u00e1 el sistema de comunicaciones banda ancha de las nuevas l\u00edneas de EFE Trenes de Chile - Anmopyc","og_description":"Siemens Mobility, adjudicataria del proyecto, conf\u00eda en la compa\u00f1\u00eda espa\u00f1ola para desplegar una red privada 4G y equipar los trenes con su soluci\u00f3n embarcada para servicios de transmisi\u00f3n de datos tren-tierra. La red ser\u00e1 soporte del sistema de se\u00f1alizaci\u00f3n ETCS de nivel 2 y se integrar\u00e1 con el sistema Informaci\u00f3n al Pasajero, de megafon\u00eda y [&hellip;]","og_url":"https:\/\/anmopyc.es\/en\/teltronic-proveera-el-sistema-de-comunicaciones-banda-ancha-de-las-nuevas-lineas-de-efe-trenes-de-chile\/","og_site_name":"Anmopyc","article_publisher":"https:\/\/www.facebook.com\/anmopyc.red","article_published_time":"2026-09-04T11:40:55+00:00","article_modified_time":"2026-09-04T11:40:56+00:00","og_image":[{"width":861,"height":358,"url":"https:\/\/anmopyc.es\/wp-content\/uploads\/2026\/09\/Noticia-TELTRONIC.webp","type":"image\/webp"}],"author":"Javi S","twitter_card":"summary_large_image","twitter_misc":{"Written by":"Javi S","Est. reading time":"2 minutes"},"schema":{"@context":"https:\/\/schema.org","@graph":[{"@type":"Article","@id":"https:\/\/anmopyc.es\/teltronic-proveera-el-sistema-de-comunicaciones-banda-ancha-de-las-nuevas-lineas-de-efe-trenes-de-chile\/#article","isPartOf":{"@id":"https:\/\/anmopyc.es\/teltronic-proveera-el-sistema-de-comunicaciones-banda-ancha-de-las-nuevas-lineas-de-efe-trenes-de-chile\/"},"author":{"name":"Javi S","@id":"https:\/\/anmopyc.es\/#\/schema\/person\/69c5ad016d410509f1ac48d21d3ae300"},"headline":"Teltronic proveer\u00e1 el sistema de comunicaciones banda ancha de las nuevas l\u00edneas de EFE Trenes de Chile","datePublished":"2026-09-04T11:40:55+00:00","dateModified":"2026-09-04T11:40:56+00:00","mainEntityOfPage":{"@id":"https:\/\/anmopyc.es\/teltronic-proveera-el-sistema-de-comunicaciones-banda-ancha-de-las-nuevas-lineas-de-efe-trenes-de-chile\/"},"wordCount":285,"publisher":{"@id":"https:\/\/anmopyc.es\/#organization"},"image":{"@id":"https:\/\/anmopyc.es\/teltronic-proveera-el-sistema-de-comunicaciones-banda-ancha-de-las-nuevas-lineas-de-efe-trenes-de-chile\/#primaryimage"},"thumbnailUrl":"https:\/\/anmopyc.es\/wp-content\/uploads\/2026\/09\/Noticia-TELTRONIC.webp","articleSection":["Noticias de asociados"],"inLanguage":"en-US"},{"@type":"WebPage","@id":"https:\/\/anmopyc.es\/teltronic-proveera-el-sistema-de-comunicaciones-banda-ancha-de-las-nuevas-lineas-de-efe-trenes-de-chile\/","url":"https:\/\/anmopyc.es\/teltronic-proveera-el-sistema-de-comunicaciones-banda-ancha-de-las-nuevas-lineas-de-efe-trenes-de-chile\/","name":"Teltronic proveer\u00e1 el sistema de comunicaciones banda ancha de las nuevas l\u00edneas de EFE Trenes de Chile - Anmopyc","isPartOf":{"@id":"https:\/\/anmopyc.es\/#website"},"primaryImageOfPage":{"@id":"https:\/\/anmopyc.es\/teltronic-proveera-el-sistema-de-comunicaciones-banda-ancha-de-las-nuevas-lineas-de-efe-trenes-de-chile\/#primaryimage"},"image":{"@id":"https:\/\/anmopyc.es\/teltronic-proveera-el-sistema-de-comunicaciones-banda-ancha-de-las-nuevas-lineas-de-efe-trenes-de-chile\/#primaryimage"},"thumbnailUrl":"https:\/\/anmopyc.es\/wp-content\/uploads\/2026\/09\/Noticia-TELTRONIC.webp","datePublished":"2026-09-04T11:40:55+00:00","dateModified":"2026-09-04T11:40:56+00:00","breadcrumb":{"@id":"https:\/\/anmopyc.es\/teltronic-proveera-el-sistema-de-comunicaciones-banda-ancha-de-las-nuevas-lineas-de-efe-trenes-de-chile\/#breadcrumb"},"inLanguage":"en-US","potentialAction":[{"@type":"ReadAction","target":["https:\/\/anmopyc.es\/teltronic-proveera-el-sistema-de-comunicaciones-banda-ancha-de-las-nuevas-lineas-de-efe-trenes-de-chile\/"]}]},{"@type":"ImageObject","inLanguage":"en-US","@id":"https:\/\/anmopyc.es\/teltronic-proveera-el-sistema-de-comunicaciones-banda-ancha-de-las-nuevas-lineas-de-efe-trenes-de-chile\/#primaryimage","url":"https:\/\/anmopyc.es\/wp-content\/uploads\/2026\/09\/Noticia-TELTRONIC.webp","contentUrl":"https:\/\/anmopyc.es\/wp-content\/uploads\/2026\/09\/Noticia-TELTRONIC.webp","width":861,"height":358},{"@type":"BreadcrumbList","@id":"https:\/\/anmopyc.es\/teltronic-proveera-el-sistema-de-comunicaciones-banda-ancha-de-las-nuevas-lineas-de-efe-trenes-de-chile\/#breadcrumb","itemListElement":[{"@type":"ListItem","position":1,"name":"Home","item":"https:\/\/anmopyc.es\/"},{"@type":"ListItem","position":2,"name":"Teltronic proveer\u00e1 el sistema de comunicaciones banda ancha de las nuevas l\u00edneas de EFE Trenes de Chile"}]},{"@type":"WebSite","@id":"https:\/\/anmopyc.es\/#website","url":"https:\/\/anmopyc.es\/","name":"Anmopyc","description":"","publisher":{"@id":"https:\/\/anmopyc.es\/#organization"},"potentialAction":[{"@type":"SearchAction","target":{"@type":"EntryPoint","urlTemplate":"https:\/\/anmopyc.es\/?s={search_term_string}"},"query-input":{"@type":"PropertyValueSpecification","valueRequired":true,"valueName":"search_term_string"}}],"inLanguage":"en-US"},{"@type":"Organization","@id":"https:\/\/anmopyc.es\/#organization","name":"Anmopyc","url":"https:\/\/anmopyc.es\/","logo":{"@type":"ImageObject","inLanguage":"en-US","@id":"https:\/\/anmopyc.es\/#\/schema\/logo\/image\/","url":"https:\/\/anmopyc.es\/wp-content\/uploads\/2025\/10\/anmopyc-correctoAZUL.svg","contentUrl":"https:\/\/anmopyc.es\/wp-content\/uploads\/2025\/10\/anmopyc-correctoAZUL.svg","width":372,"height":129,"caption":"Anmopyc"},"image":{"@id":"https:\/\/anmopyc.es\/#\/schema\/logo\/image\/"},"sameAs":["https:\/\/www.facebook.com\/anmopyc.red"]},{"@type":"Person","@id":"https:\/\/anmopyc.es\/#\/schema\/person\/69c5ad016d410509f1ac48d21d3ae300","name":"Javi S","image":{"@type":"ImageObject","inLanguage":"en-US","@id":"https:\/\/secure.gravatar.com\/avatar\/8021831bb479e5d17ff4b5420b3b9e9f2dd1a13191e3bb11b3273fb2a276f307?s=96&d=mm&r=g","url":"https:\/\/secure.gravatar.com\/avatar\/8021831bb479e5d17ff4b5420b3b9e9f2dd1a13191e3bb11b3273fb2a276f307?s=96&d=mm&r=g","contentUrl":"https:\/\/secure.gravatar.com\/avatar\/8021831bb479e5d17ff4b5420b3b9e9f2dd1a13191e3bb11b3273fb2a276f307?s=96&d=mm&r=g","caption":"Javi S"},"url":"https:\/\/anmopyc.es\/en\/author\/javi\/"}]}},"_links":{"self":[{"href":"https:\/\/anmopyc.es\/en\/wp-json\/wp\/v2\/posts\/19398","targetHints":{"allow":["GET"]}}],"collection":[{"href":"https:\/\/anmopyc.es\/en\/wp-json\/wp\/v2\/posts"}],"about":[{"href":"https:\/\/anmopyc.es\/en\/wp-json\/wp\/v2\/types\/post"}],"author":[{"embeddable":true,"href":"https:\/\/anmopyc.es\/en\/wp-json\/wp\/v2\/users\/7754"}],"replies":[{"embeddable":true,"href":"https:\/\/anmopyc.es\/en\/wp-json\/wp\/v2\/comments?post=19398"}],"version-history":[{"count":1,"href":"https:\/\/anmopyc.es\/en\/wp-json\/wp\/v2\/posts\/19398\/revisions"}],"predecessor-version":[{"id":19401,"href":"https:\/\/anmopyc.es\/en\/wp-json\/wp\/v2\/posts\/19398\/revisions\/19401"}],"wp:featuredmedia":[{"embeddable":true,"href":"https:\/\/anmopyc.es\/en\/wp-json\/wp\/v2\/media\/19400"}],"wp:attachment":[{"href":"https:\/\/anmopyc.es\/en\/wp-json\/wp\/v2\/media?parent=19398"}],"wp:term":[{"taxonomy":"category","embeddable":true,"href":"https:\/\/anmopyc.es\/en\/wp-json\/wp\/v2\/categories?post=19398"},{"taxonomy":"post_tag","embeddable":true,"href":"https:\/\/anmopyc.es\/en\/wp-json\/wp\/v2\/tags?post=19398"}],"curies":[{"name":"wp","href":"https:\/\/api.w.org\/{rel}","templated":true}]}}