{"id":17324,"date":"2026-04-29T13:49:37","date_gmt":"2026-04-29T13:49:37","guid":{"rendered":"https:\/\/anmopyc.es\/?p=17324"},"modified":"2026-04-29T13:49:38","modified_gmt":"2026-04-29T13:49:38","slug":"cuenta-atras-para-advanced-factories-2026-del-5-al-7-de-mayo-en-fira-de-barcelona","status":"publish","type":"post","link":"https:\/\/anmopyc.es\/fr\/cuenta-atras-para-advanced-factories-2026-del-5-al-7-de-mayo-en-fira-de-barcelona\/","title":{"rendered":"Cuenta atr\u00e1s para Advanced Factories 2026: del 5 al 7 de mayo en Fira de Barcelona"},"content":{"rendered":"<p><strong><strong>La mayor feria de rob\u00f3tica y automatizaci\u00f3n industrial del sur de Europa celebrar\u00e1 su d\u00e9cada en Barcelona, ampliando el alcance hacia nuevos sectores estrat\u00e9gicos y reforzando su apuesta por la autonom\u00eda industrial europea<\/strong><\/strong>.<\/p>\n\n\n\n<p><a href=\"https:\/\/www.advancedfactories.com\/\"><strong>Advanced Factories<\/strong><\/a>, el evento l\u00edder en automatizaci\u00f3n, rob\u00f3tica y tecnolog\u00edas 4.0 del sur de Europa celebrar\u00e1 su d\u00e9cima edici\u00f3n del <strong>5 al 7 de mayo de 2026 en Fira de Barcelona<\/strong>, cumpliendo as\u00ed una d\u00e9cada de impulso de las plantas de producci\u00f3n hacia modelos m\u00e1s integrados, eficientes y competitivos.\u00a0 Bajo el lema \u201cNext-Gen of Automation\u201d, Advanced Factories convertir\u00e1 Barcelona en el epicentro de la industria avanzada a nivel comunitario, en un contexto global de transformaci\u00f3n geopol\u00edtica que exige reforzar la competitividad y la autonom\u00eda del continente.<\/p>\n\n\n\n<p>Durante tres d\u00edas, m\u00e1s de <strong>750 firmas expositoras<\/strong> presentar\u00e1n sus \u00faltimas soluciones tecnol\u00f3gicas en automatizaci\u00f3n industrial, mantenimiento predictivo, IoT y ciberseguridad, rob\u00f3tica, impresi\u00f3n 3D, inteligencia artificial, <em>cloud<\/em> industrial, <em>machine learning<\/em>, software industrial, <em>big data<\/em>, visi\u00f3n artificial y eficiencia energ\u00e9tica, para acercarlas a los m\u00e1s de <strong>33.000 directivos industriales<\/strong> que visitar\u00e1n la feria. En esta edici\u00f3n, adem\u00e1s, se pondr\u00e1 un foco especial en sectores como la <strong>intralog\u00edstica<\/strong> y los <strong>sistemas de integraci\u00f3n de la producci\u00f3n<\/strong> que impulsan la digitalizaci\u00f3n del \u00e1mbito manufacturero, aspectos clave para optimizar la eficiencia operativa en compa\u00f1\u00edas de todos los tama\u00f1os y sectores.<\/p>\n\n\n\n<p>\u201c<em>La industria europea est\u00e1 llamada a liderar una nueva etapa de autonom\u00eda tecnol\u00f3gica y productiva. Para ello, debemos reforzar nuestras capacidades estrat\u00e9gicas, y eso incluye tambi\u00e9n a las peque\u00f1as y medianas empresas. Advanced Factories no solo es el punto de encuentro de las grandes corporaciones, sino tambi\u00e9n la plataforma de referencia para que las pymes industriales den el salto hacia la productividad 4.0<\/em>\u201dIl dit <strong>Albert Planas<\/strong>, Director General de Advanced Factories.<\/p>\n\n\n\n<p><strong>Un congreso \u00fanico con m\u00e1s de 200 experiencias industriales<\/strong><\/p>\n\n\n\n<p>En paralelo, se desarrollar\u00e1 el <strong>Industry 4.0 Congress<\/strong>, el mayor foro de Industria 4.0 en Europa, que reunir\u00e1 a m\u00e1s de <strong>420 expertos internacionales en 5 auditorios simult\u00e1neos<\/strong> para compartir <strong>m\u00e1s de 200 experiencias industriales<\/strong>, innovaciones tecnol\u00f3gicas y estrategias para impulsar la productividad y competitividad del tejido industrial. El congreso abordar\u00e1 las \u00faltimas tendencias y avances para sectores clave como la alimentaci\u00f3n, farmac\u00e9utica, automoci\u00f3n, ferroviaria, textil, metal\u00fargica, electr\u00f3nica, bienes de consumo, as\u00ed como la aeroespacial y naval.<\/p>\n\n\n\n<p>Adem\u00e1s, se organizar\u00e1n foros especializados por tem\u00e1ticas, entre los que destacan el de <strong>Rob\u00f3tica, Inteligencia Artificial, Ciberseguridad, Greentech o 3D Printing<\/strong>. Tambi\u00e9n habr\u00e1 <em>summits<\/em> profesionales dirigidos a los diferentes perfiles asistentes, como el <strong>CEO Summit<\/strong>, el <strong>Plant Manager Summit<\/strong> y el <strong>CIO Summit.<\/strong> <strong>&nbsp;<\/strong><\/p>\n\n\n\n<p>Entre los temas m\u00e1s relevantes que se explorar\u00e1n destaca la <strong>convergencia entre los sistemas de informaci\u00f3n (IT) y los sistemas de producci\u00f3n (OT)<\/strong>, un factor fundamental para construir f\u00e1bricas m\u00e1s eficientes, flexibles y resilientes. Esta integraci\u00f3n permite una visi\u00f3n en tiempo real de toda la cadena de valor, facilita la automatizaci\u00f3n de procesos, mejora la capacidad de respuesta ante incidencias, y optimiza el uso de recursos y energ\u00eda, posicion\u00e1ndose como una prioridad estrat\u00e9gica para la industria manufacturera actual.<\/p>\n\n\n\n<p>\ud83c\udf9f\ufe0f \u00a1<a href=\"https:\/\/www.advancedfactories.com\/visita\/tipos-pases\/?gad_source=1&amp;gad_campaignid=23528178415&amp;gbraid=0AAAAADPgzzJgxoPHJYSHY-Zrk2tJJBXH2&amp;gclid=Cj0KCQjw2MbPBhCSARIsAP3jP9xUHrow8JnT20ESlORN9Jf9jmHQDFqhbp0ry4daSYYRSNrAzkTJQHwaAh0sEALw_wcB\">Consigue ahora tu pase<\/a>! <\/p>\n\n\n\n<p><\/p>\n\n\n\n<p><\/p>","protected":false},"excerpt":{"rendered":"<p>La mayor feria de rob\u00f3tica y automatizaci\u00f3n industrial del sur de Europa celebrar\u00e1 su d\u00e9cada en Barcelona, ampliando el alcance hacia nuevos sectores estrat\u00e9gicos y reforzando su apuesta por la autonom\u00eda industrial europea. Advanced Factories, el evento l\u00edder en automatizaci\u00f3n, rob\u00f3tica y tecnolog\u00edas 4.0 del sur de Europa celebrar\u00e1 su d\u00e9cima edici\u00f3n del 5 al [&hellip;]<\/p>\n","protected":false},"author":8,"featured_media":17325,"comment_status":"closed","ping_status":"closed","sticky":false,"template":"","format":"standard","meta":{"_acf_changed":false,"_joinchat":[],"footnotes":""},"categories":[212],"tags":[],"class_list":["post-17324","post","type-post","status-publish","format-standard","has-post-thumbnail","hentry","category-agenda"],"acf":[],"yoast_head":"<!-- This site is optimized with the Yoast SEO plugin v27.2 - https:\/\/yoast.com\/product\/yoast-seo-wordpress\/ -->\n<title>Cuenta atr\u00e1s para Advanced Factories 2026: del 5 al 7 de mayo en Fira de Barcelona - Anmopyc<\/title>\n<meta name=\"robots\" content=\"index, follow, max-snippet:-1, max-image-preview:large, max-video-preview:-1\" \/>\n<link rel=\"canonical\" href=\"https:\/\/anmopyc.es\/fr\/cuenta-atras-para-advanced-factories-2026-del-5-al-7-de-mayo-en-fira-de-barcelona\/\" \/>\n<meta property=\"og:locale\" content=\"fr_FR\" \/>\n<meta property=\"og:type\" content=\"article\" \/>\n<meta property=\"og:title\" content=\"Cuenta atr\u00e1s para Advanced Factories 2026: del 5 al 7 de mayo en Fira de Barcelona - Anmopyc\" \/>\n<meta property=\"og:description\" content=\"La mayor feria de rob\u00f3tica y automatizaci\u00f3n industrial del sur de Europa celebrar\u00e1 su d\u00e9cada en Barcelona, ampliando el alcance hacia nuevos sectores estrat\u00e9gicos y reforzando su apuesta por la autonom\u00eda industrial europea. Advanced Factories, el evento l\u00edder en automatizaci\u00f3n, rob\u00f3tica y tecnolog\u00edas 4.0 del sur de Europa celebrar\u00e1 su d\u00e9cima edici\u00f3n del 5 al [&hellip;]\" \/>\n<meta property=\"og:url\" content=\"https:\/\/anmopyc.es\/fr\/cuenta-atras-para-advanced-factories-2026-del-5-al-7-de-mayo-en-fira-de-barcelona\/\" \/>\n<meta property=\"og:site_name\" content=\"Anmopyc\" \/>\n<meta property=\"article:publisher\" content=\"https:\/\/www.facebook.com\/anmopyc.red\" \/>\n<meta property=\"article:published_time\" content=\"2026-04-29T13:49:37+00:00\" \/>\n<meta property=\"article:modified_time\" content=\"2026-04-29T13:49:38+00:00\" \/>\n<meta property=\"og:image\" content=\"https:\/\/anmopyc.es\/wp-content\/uploads\/2026\/04\/Advanced-Factories-2026.webp\" \/>\n\t<meta property=\"og:image:width\" content=\"1024\" \/>\n\t<meta property=\"og:image:height\" content=\"614\" \/>\n\t<meta property=\"og:image:type\" content=\"image\/webp\" \/>\n<meta name=\"author\" content=\"Javier Salvador\" \/>\n<meta name=\"twitter:card\" content=\"summary_large_image\" \/>\n<meta name=\"twitter:label1\" content=\"\u00c9crit par\" \/>\n\t<meta name=\"twitter:data1\" content=\"Javier Salvador\" \/>\n\t<meta name=\"twitter:label2\" content=\"Dur\u00e9e de lecture estim\u00e9e\" \/>\n\t<meta name=\"twitter:data2\" content=\"3 minutes\" \/>\n<script type=\"application\/ld+json\" class=\"yoast-schema-graph\">{\"@context\":\"https:\/\/schema.org\",\"@graph\":[{\"@type\":\"Article\",\"@id\":\"https:\/\/anmopyc.es\/cuenta-atras-para-advanced-factories-2026-del-5-al-7-de-mayo-en-fira-de-barcelona\/#article\",\"isPartOf\":{\"@id\":\"https:\/\/anmopyc.es\/cuenta-atras-para-advanced-factories-2026-del-5-al-7-de-mayo-en-fira-de-barcelona\/\"},\"author\":{\"name\":\"Javier Salvador\",\"@id\":\"https:\/\/anmopyc.es\/en\/#\/schema\/person\/63199c82e98f713d9bd8f20ebfdde1fa\"},\"headline\":\"Cuenta atr\u00e1s para Advanced Factories 2026: del 5 al 7 de mayo en Fira de Barcelona\",\"datePublished\":\"2026-04-29T13:49:37+00:00\",\"dateModified\":\"2026-04-29T13:49:38+00:00\",\"mainEntityOfPage\":{\"@id\":\"https:\/\/anmopyc.es\/cuenta-atras-para-advanced-factories-2026-del-5-al-7-de-mayo-en-fira-de-barcelona\/\"},\"wordCount\":568,\"publisher\":{\"@id\":\"https:\/\/anmopyc.es\/en\/#organization\"},\"image\":{\"@id\":\"https:\/\/anmopyc.es\/cuenta-atras-para-advanced-factories-2026-del-5-al-7-de-mayo-en-fira-de-barcelona\/#primaryimage\"},\"thumbnailUrl\":\"https:\/\/anmopyc.es\/wp-content\/uploads\/2026\/04\/Advanced-Factories-2026.webp\",\"articleSection\":[\"Agenda\"],\"inLanguage\":\"fr-FR\"},{\"@type\":\"WebPage\",\"@id\":\"https:\/\/anmopyc.es\/cuenta-atras-para-advanced-factories-2026-del-5-al-7-de-mayo-en-fira-de-barcelona\/\",\"url\":\"https:\/\/anmopyc.es\/cuenta-atras-para-advanced-factories-2026-del-5-al-7-de-mayo-en-fira-de-barcelona\/\",\"name\":\"Cuenta atr\u00e1s para Advanced Factories 2026: del 5 al 7 de mayo en Fira de Barcelona - Anmopyc\",\"isPartOf\":{\"@id\":\"https:\/\/anmopyc.es\/en\/#website\"},\"primaryImageOfPage\":{\"@id\":\"https:\/\/anmopyc.es\/cuenta-atras-para-advanced-factories-2026-del-5-al-7-de-mayo-en-fira-de-barcelona\/#primaryimage\"},\"image\":{\"@id\":\"https:\/\/anmopyc.es\/cuenta-atras-para-advanced-factories-2026-del-5-al-7-de-mayo-en-fira-de-barcelona\/#primaryimage\"},\"thumbnailUrl\":\"https:\/\/anmopyc.es\/wp-content\/uploads\/2026\/04\/Advanced-Factories-2026.webp\",\"datePublished\":\"2026-04-29T13:49:37+00:00\",\"dateModified\":\"2026-04-29T13:49:38+00:00\",\"breadcrumb\":{\"@id\":\"https:\/\/anmopyc.es\/cuenta-atras-para-advanced-factories-2026-del-5-al-7-de-mayo-en-fira-de-barcelona\/#breadcrumb\"},\"inLanguage\":\"fr-FR\",\"potentialAction\":[{\"@type\":\"ReadAction\",\"target\":[\"https:\/\/anmopyc.es\/cuenta-atras-para-advanced-factories-2026-del-5-al-7-de-mayo-en-fira-de-barcelona\/\"]}]},{\"@type\":\"ImageObject\",\"inLanguage\":\"fr-FR\",\"@id\":\"https:\/\/anmopyc.es\/cuenta-atras-para-advanced-factories-2026-del-5-al-7-de-mayo-en-fira-de-barcelona\/#primaryimage\",\"url\":\"https:\/\/anmopyc.es\/wp-content\/uploads\/2026\/04\/Advanced-Factories-2026.webp\",\"contentUrl\":\"https:\/\/anmopyc.es\/wp-content\/uploads\/2026\/04\/Advanced-Factories-2026.webp\",\"width\":1024,\"height\":614},{\"@type\":\"BreadcrumbList\",\"@id\":\"https:\/\/anmopyc.es\/cuenta-atras-para-advanced-factories-2026-del-5-al-7-de-mayo-en-fira-de-barcelona\/#breadcrumb\",\"itemListElement\":[{\"@type\":\"ListItem\",\"position\":1,\"name\":\"Home\",\"item\":\"https:\/\/anmopyc.es\/en\/\"},{\"@type\":\"ListItem\",\"position\":2,\"name\":\"Cuenta atr\u00e1s para Advanced Factories 2026: del 5 al 7 de mayo en Fira de Barcelona\"}]},{\"@type\":\"WebSite\",\"@id\":\"https:\/\/anmopyc.es\/en\/#website\",\"url\":\"https:\/\/anmopyc.es\/en\/\",\"name\":\"Anmopyc\",\"description\":\"\",\"publisher\":{\"@id\":\"https:\/\/anmopyc.es\/en\/#organization\"},\"potentialAction\":[{\"@type\":\"SearchAction\",\"target\":{\"@type\":\"EntryPoint\",\"urlTemplate\":\"https:\/\/anmopyc.es\/en\/?s={search_term_string}\"},\"query-input\":{\"@type\":\"PropertyValueSpecification\",\"valueRequired\":true,\"valueName\":\"search_term_string\"}}],\"inLanguage\":\"fr-FR\"},{\"@type\":\"Organization\",\"@id\":\"https:\/\/anmopyc.es\/en\/#organization\",\"name\":\"Anmopyc\",\"url\":\"https:\/\/anmopyc.es\/en\/\",\"logo\":{\"@type\":\"ImageObject\",\"inLanguage\":\"fr-FR\",\"@id\":\"https:\/\/anmopyc.es\/en\/#\/schema\/logo\/image\/\",\"url\":\"https:\/\/anmopyc.es\/wp-content\/uploads\/2025\/10\/anmopyc-correctoAZUL.svg\",\"contentUrl\":\"https:\/\/anmopyc.es\/wp-content\/uploads\/2025\/10\/anmopyc-correctoAZUL.svg\",\"width\":372,\"height\":129,\"caption\":\"Anmopyc\"},\"image\":{\"@id\":\"https:\/\/anmopyc.es\/en\/#\/schema\/logo\/image\/\"},\"sameAs\":[\"https:\/\/www.facebook.com\/anmopyc.red\"]},{\"@type\":\"Person\",\"@id\":\"https:\/\/anmopyc.es\/en\/#\/schema\/person\/63199c82e98f713d9bd8f20ebfdde1fa\",\"name\":\"Javier Salvador\",\"image\":{\"@type\":\"ImageObject\",\"inLanguage\":\"fr-FR\",\"@id\":\"https:\/\/secure.gravatar.com\/avatar\/c3c3184ded44a29cc36d4759b237965eb65544eb3a8aef1489480fe1b148bbbb?s=96&d=mm&r=g\",\"url\":\"https:\/\/secure.gravatar.com\/avatar\/c3c3184ded44a29cc36d4759b237965eb65544eb3a8aef1489480fe1b148bbbb?s=96&d=mm&r=g\",\"contentUrl\":\"https:\/\/secure.gravatar.com\/avatar\/c3c3184ded44a29cc36d4759b237965eb65544eb3a8aef1489480fe1b148bbbb?s=96&d=mm&r=g\",\"caption\":\"Javier Salvador\"},\"url\":\"https:\/\/anmopyc.es\/fr\/author\/javier\/\"}]}<\/script>\n<!-- \/ Yoast SEO plugin. -->","yoast_head_json":{"title":"Cuenta atr\u00e1s para Advanced Factories 2026: del 5 al 7 de mayo en Fira de Barcelona - Anmopyc","robots":{"index":"index","follow":"follow","max-snippet":"max-snippet:-1","max-image-preview":"max-image-preview:large","max-video-preview":"max-video-preview:-1"},"canonical":"https:\/\/anmopyc.es\/fr\/cuenta-atras-para-advanced-factories-2026-del-5-al-7-de-mayo-en-fira-de-barcelona\/","og_locale":"fr_FR","og_type":"article","og_title":"Cuenta atr\u00e1s para Advanced Factories 2026: del 5 al 7 de mayo en Fira de Barcelona - Anmopyc","og_description":"La mayor feria de rob\u00f3tica y automatizaci\u00f3n industrial del sur de Europa celebrar\u00e1 su d\u00e9cada en Barcelona, ampliando el alcance hacia nuevos sectores estrat\u00e9gicos y reforzando su apuesta por la autonom\u00eda industrial europea. Advanced Factories, el evento l\u00edder en automatizaci\u00f3n, rob\u00f3tica y tecnolog\u00edas 4.0 del sur de Europa celebrar\u00e1 su d\u00e9cima edici\u00f3n del 5 al [&hellip;]","og_url":"https:\/\/anmopyc.es\/fr\/cuenta-atras-para-advanced-factories-2026-del-5-al-7-de-mayo-en-fira-de-barcelona\/","og_site_name":"Anmopyc","article_publisher":"https:\/\/www.facebook.com\/anmopyc.red","article_published_time":"2026-04-29T13:49:37+00:00","article_modified_time":"2026-04-29T13:49:38+00:00","og_image":[{"width":1024,"height":614,"url":"https:\/\/anmopyc.es\/wp-content\/uploads\/2026\/04\/Advanced-Factories-2026.webp","type":"image\/webp"}],"author":"Javier Salvador","twitter_card":"summary_large_image","twitter_misc":{"\u00c9crit par":"Javier Salvador","Dur\u00e9e de lecture estim\u00e9e":"3 minutes"},"schema":{"@context":"https:\/\/schema.org","@graph":[{"@type":"Article","@id":"https:\/\/anmopyc.es\/cuenta-atras-para-advanced-factories-2026-del-5-al-7-de-mayo-en-fira-de-barcelona\/#article","isPartOf":{"@id":"https:\/\/anmopyc.es\/cuenta-atras-para-advanced-factories-2026-del-5-al-7-de-mayo-en-fira-de-barcelona\/"},"author":{"name":"Javier Salvador","@id":"https:\/\/anmopyc.es\/en\/#\/schema\/person\/63199c82e98f713d9bd8f20ebfdde1fa"},"headline":"Cuenta atr\u00e1s para Advanced Factories 2026: del 5 al 7 de mayo en Fira de Barcelona","datePublished":"2026-04-29T13:49:37+00:00","dateModified":"2026-04-29T13:49:38+00:00","mainEntityOfPage":{"@id":"https:\/\/anmopyc.es\/cuenta-atras-para-advanced-factories-2026-del-5-al-7-de-mayo-en-fira-de-barcelona\/"},"wordCount":568,"publisher":{"@id":"https:\/\/anmopyc.es\/en\/#organization"},"image":{"@id":"https:\/\/anmopyc.es\/cuenta-atras-para-advanced-factories-2026-del-5-al-7-de-mayo-en-fira-de-barcelona\/#primaryimage"},"thumbnailUrl":"https:\/\/anmopyc.es\/wp-content\/uploads\/2026\/04\/Advanced-Factories-2026.webp","articleSection":["Agenda"],"inLanguage":"fr-FR"},{"@type":"WebPage","@id":"https:\/\/anmopyc.es\/cuenta-atras-para-advanced-factories-2026-del-5-al-7-de-mayo-en-fira-de-barcelona\/","url":"https:\/\/anmopyc.es\/cuenta-atras-para-advanced-factories-2026-del-5-al-7-de-mayo-en-fira-de-barcelona\/","name":"Cuenta atr\u00e1s para Advanced Factories 2026: del 5 al 7 de mayo en Fira de Barcelona - Anmopyc","isPartOf":{"@id":"https:\/\/anmopyc.es\/en\/#website"},"primaryImageOfPage":{"@id":"https:\/\/anmopyc.es\/cuenta-atras-para-advanced-factories-2026-del-5-al-7-de-mayo-en-fira-de-barcelona\/#primaryimage"},"image":{"@id":"https:\/\/anmopyc.es\/cuenta-atras-para-advanced-factories-2026-del-5-al-7-de-mayo-en-fira-de-barcelona\/#primaryimage"},"thumbnailUrl":"https:\/\/anmopyc.es\/wp-content\/uploads\/2026\/04\/Advanced-Factories-2026.webp","datePublished":"2026-04-29T13:49:37+00:00","dateModified":"2026-04-29T13:49:38+00:00","breadcrumb":{"@id":"https:\/\/anmopyc.es\/cuenta-atras-para-advanced-factories-2026-del-5-al-7-de-mayo-en-fira-de-barcelona\/#breadcrumb"},"inLanguage":"fr-FR","potentialAction":[{"@type":"ReadAction","target":["https:\/\/anmopyc.es\/cuenta-atras-para-advanced-factories-2026-del-5-al-7-de-mayo-en-fira-de-barcelona\/"]}]},{"@type":"ImageObject","inLanguage":"fr-FR","@id":"https:\/\/anmopyc.es\/cuenta-atras-para-advanced-factories-2026-del-5-al-7-de-mayo-en-fira-de-barcelona\/#primaryimage","url":"https:\/\/anmopyc.es\/wp-content\/uploads\/2026\/04\/Advanced-Factories-2026.webp","contentUrl":"https:\/\/anmopyc.es\/wp-content\/uploads\/2026\/04\/Advanced-Factories-2026.webp","width":1024,"height":614},{"@type":"BreadcrumbList","@id":"https:\/\/anmopyc.es\/cuenta-atras-para-advanced-factories-2026-del-5-al-7-de-mayo-en-fira-de-barcelona\/#breadcrumb","itemListElement":[{"@type":"ListItem","position":1,"name":"Home","item":"https:\/\/anmopyc.es\/en\/"},{"@type":"ListItem","position":2,"name":"Cuenta atr\u00e1s para Advanced Factories 2026: del 5 al 7 de mayo en Fira de Barcelona"}]},{"@type":"WebSite","@id":"https:\/\/anmopyc.es\/en\/#website","url":"https:\/\/anmopyc.es\/en\/","name":"Anmopyc","description":"","publisher":{"@id":"https:\/\/anmopyc.es\/en\/#organization"},"potentialAction":[{"@type":"SearchAction","target":{"@type":"EntryPoint","urlTemplate":"https:\/\/anmopyc.es\/en\/?s={search_term_string}"},"query-input":{"@type":"PropertyValueSpecification","valueRequired":true,"valueName":"search_term_string"}}],"inLanguage":"fr-FR"},{"@type":"Organization","@id":"https:\/\/anmopyc.es\/en\/#organization","name":"Anmopyc","url":"https:\/\/anmopyc.es\/en\/","logo":{"@type":"ImageObject","inLanguage":"fr-FR","@id":"https:\/\/anmopyc.es\/en\/#\/schema\/logo\/image\/","url":"https:\/\/anmopyc.es\/wp-content\/uploads\/2025\/10\/anmopyc-correctoAZUL.svg","contentUrl":"https:\/\/anmopyc.es\/wp-content\/uploads\/2025\/10\/anmopyc-correctoAZUL.svg","width":372,"height":129,"caption":"Anmopyc"},"image":{"@id":"https:\/\/anmopyc.es\/en\/#\/schema\/logo\/image\/"},"sameAs":["https:\/\/www.facebook.com\/anmopyc.red"]},{"@type":"Person","@id":"https:\/\/anmopyc.es\/en\/#\/schema\/person\/63199c82e98f713d9bd8f20ebfdde1fa","name":"Javier Salvador","image":{"@type":"ImageObject","inLanguage":"fr-FR","@id":"https:\/\/secure.gravatar.com\/avatar\/c3c3184ded44a29cc36d4759b237965eb65544eb3a8aef1489480fe1b148bbbb?s=96&d=mm&r=g","url":"https:\/\/secure.gravatar.com\/avatar\/c3c3184ded44a29cc36d4759b237965eb65544eb3a8aef1489480fe1b148bbbb?s=96&d=mm&r=g","contentUrl":"https:\/\/secure.gravatar.com\/avatar\/c3c3184ded44a29cc36d4759b237965eb65544eb3a8aef1489480fe1b148bbbb?s=96&d=mm&r=g","caption":"Javier Salvador"},"url":"https:\/\/anmopyc.es\/fr\/author\/javier\/"}]}},"_links":{"self":[{"href":"https:\/\/anmopyc.es\/fr\/wp-json\/wp\/v2\/posts\/17324","targetHints":{"allow":["GET"]}}],"collection":[{"href":"https:\/\/anmopyc.es\/fr\/wp-json\/wp\/v2\/posts"}],"about":[{"href":"https:\/\/anmopyc.es\/fr\/wp-json\/wp\/v2\/types\/post"}],"author":[{"embeddable":true,"href":"https:\/\/anmopyc.es\/fr\/wp-json\/wp\/v2\/users\/8"}],"replies":[{"embeddable":true,"href":"https:\/\/anmopyc.es\/fr\/wp-json\/wp\/v2\/comments?post=17324"}],"version-history":[{"count":1,"href":"https:\/\/anmopyc.es\/fr\/wp-json\/wp\/v2\/posts\/17324\/revisions"}],"predecessor-version":[{"id":17326,"href":"https:\/\/anmopyc.es\/fr\/wp-json\/wp\/v2\/posts\/17324\/revisions\/17326"}],"wp:featuredmedia":[{"embeddable":true,"href":"https:\/\/anmopyc.es\/fr\/wp-json\/wp\/v2\/media\/17325"}],"wp:attachment":[{"href":"https:\/\/anmopyc.es\/fr\/wp-json\/wp\/v2\/media?parent=17324"}],"wp:term":[{"taxonomy":"category","embeddable":true,"href":"https:\/\/anmopyc.es\/fr\/wp-json\/wp\/v2\/categories?post=17324"},{"taxonomy":"post_tag","embeddable":true,"href":"https:\/\/anmopyc.es\/fr\/wp-json\/wp\/v2\/tags?post=17324"}],"curies":[{"name":"wp","href":"https:\/\/api.w.org\/{rel}","templated":true}]}}