{"id":5832,"date":"2025-10-10T00:00:00","date_gmt":"2025-10-10T05:00:00","guid":{"rendered":""},"modified":"2025-12-22T13:46:31","modified_gmt":"2025-12-22T13:46:31","slug":"la-cybersecurite-dans-les-environnements-de-fabrication-de-machines","status":"publish","type":"post","link":"https:\/\/anmopyc.es\/fr\/jornada-ciberseguridad-en-entornos-de-fabricacion-de-maquinaria\/","title":{"rendered":"Conf\u00e9rence sur la cybers\u00e9curit\u00e9 dans les environnements de fabrication de machines"},"content":{"rendered":"<p>&nbsp; &nbsp;&nbsp;<\/p>\n\n\n\n<figure class=\"wp-block-table\"><table class=\"has-fixed-layout\"><tbody><tr><td><br><p class=\"MsoNormal\">C'est pourquoi ANMOPYC et CAMPAG organisent l'atelier \u201cCybers\u00e9curit\u00e9 dans les environnements de fabrication de machines\u201d, qui aura lieu le <b>28 octobre \u00e0 Saragosse.<\/b> Une journ\u00e9e enti\u00e8re au cours de laquelle vous pourrez apprendre, partager et vous connecter avec des experts et des entreprises qui m\u00e8nent le changement vers un environnement industriel plus s\u00fbr, en commen\u00e7ant par la session technique :\u00a0<b>D\u00e9fis et strat\u00e9gies en mati\u00e8re de cybers\u00e9curit\u00e9 industrielle<\/b>Calendrier : <b>11:00 h \u00e0 14:00 h<\/b><\/p><br><p class=\"MsoNormal\" style=\"margin-top:0cm;margin-right:24.4pt;margin-bottom:  8.0pt;margin-left:14.85pt;mso-element:frame;mso-element-wrap:around;  mso-element-anchor-vertical:paragraph;mso-element-anchor-horizontal:margin;  mso-element-left:center;mso-element-top:5.4pt;mso-height-rule:exactly\">Localisation : <b>Centre d'imagination num\u00e9rique (DIC), Institut technologique d'Aragon (ITA)<\/b><\/p><br><p class=\"MsoNormal\" style=\"margin-top:0cm;margin-right:24.4pt;margin-bottom:  8.0pt;margin-left:14.85pt;mso-element:frame;mso-element-wrap:around;  mso-element-anchor-vertical:paragraph;mso-element-anchor-horizontal:margin;  mso-element-left:center;mso-element-top:5.4pt;mso-height-rule:exactly\"><\/p><p class=\"MsoNormal\" style=\"margin-top:0cm;margin-right:24.4pt;margin-bottom:  8.0pt;margin-left:14.85pt;mso-element:frame;mso-element-wrap:around;  mso-element-anchor-vertical:paragraph;mso-element-anchor-horizontal:margin;  mso-element-left:center;mso-element-top:5.4pt;mso-height-rule:exactly\">Au cours de la matin\u00e9e, des experts d'entreprises telles qu'Integra, Hiberus, ITA, T\u00dcV et Moncl\u00fas partageront leur exp\u00e9rience sur les d\u00e9fis actuels de la cybers\u00e9curit\u00e9 industrielle, en abordant des sujets tels que :<\/p><ul><br><li style=\"margin: 0cm 24.4pt 8pt 14.85pt;\">\u00a0 \u00a0 \u00a0 Protection des infrastructures connect\u00e9es,<\/li><br><li style=\"margin: 0cm 24.4pt 8pt 14.85pt;\"><span style=\"text-indent: -18pt;\">\u00a0 \u00a0 \u00a0 Gestion des risques et des vuln\u00e9rabilit\u00e9s,<\/span><\/li><br><li style=\"margin: 0cm 24.4pt 8pt 14.85pt;\"><span style=\"text-indent: -18pt;\">\u00a0 \u00a0 \u00a0<\/span><span style=\"text-indent: -24px;\">\u00c9tudes de cas et meilleures pratiques appliqu\u00e9es \u00e0 la fabrication de machines,<\/span><\/li><br><li style=\"margin: 0cm 24.4pt 8pt 14.85pt;\"><span style=\"text-indent: -24px;\">\u00a0 \u00a0 \u00a0\u00a0Respect des r\u00e9glementations,<\/span><\/li><br><li style=\"margin: 0cm 24.4pt 8pt 14.85pt;\"><span style=\"text-indent: -24px;\">\u00a0 \u00a0 \u00a0\u00a0R\u00f4le de l'intelligence artificielle dans la d\u00e9tection et la r\u00e9ponse aux menaces,<\/span><\/li><br><li style=\"margin: 0cm 24.4pt 8pt 14.85pt;\"><span style=\"text-indent: -24px;\">\u00a0 \u00a0 \u00a0\u00a0Des subventions sont disponibles pour renforcer la cybers\u00e9curit\u00e9 dans le secteur.<\/span><\/li><br><\/ul><br><p style=\"margin: 0cm 24.4pt 8pt 14.85pt;\"><span style=\"text-indent: -24px;\"><br><\/span><\/p><br><div><br><br><br><br><br><br><br><table cellspacing=\"0\" cellpadding=\"0\" hspace=\"0\" vspace=\"0\" align=\"center\"><tbody><tr><td valign=\"top\" align=\"left\" style=\"padding-top:0cm;padding-right:0cm;  padding-bottom:0cm;padding-left:0cm\"><br><p class=\"MsoNormal\" style=\"margin-top:0cm;margin-right:45.65pt;margin-bottom:  8.0pt;margin-left:14.85pt;mso-element:frame;mso-element-wrap:around;  mso-element-anchor-vertical:paragraph;mso-element-anchor-horizontal:margin;  mso-element-left:center;mso-element-top:5.4pt;mso-height-rule:exactly\">Les orateurs seront les suivants :<\/p><ul><li style=\"margin: 0cm 45.65pt 8pt 14.85pt;\">INTEGRA - Gonzalo Bernal, directeur de la technologie<\/li><br><li style=\"margin: 0cm 45.65pt 8pt 14.85pt;\"><span lang=\"EN-US\">HIBERUS - Eduardo Gistau, responsable mondial de la cybers\u00e9curit\u00e9<\/span><\/li><br><li style=\"margin: 0cm 45.65pt 8pt 14.85pt;\">ITA - Rafael del Hoyo, responsable de l'IA et des syst\u00e8mes cognitifs <\/li><br><li style=\"margin: 0cm 45.65pt 8pt 14.85pt;\">SMF Monclus - \u00c1lvaro Moncl\u00fas, Avocat <\/li><br><li style=\"margin: 0cm 45.65pt 8pt 14.85pt;\">T\u00dcV Rheinland<\/li><\/ul><p class=\"MsoNormal\" style=\"margin-top:0cm;margin-right:45.65pt;margin-bottom:  8.0pt;margin-left:14.85pt;mso-element:frame;mso-element-wrap:around;  mso-element-anchor-vertical:paragraph;mso-element-anchor-horizontal:margin;  mso-element-left:center;mso-element-top:5.4pt;mso-height-rule:exactly\">Cette session permettra aux professionnels du secteur d'approfondir les risques li\u00e9s \u00e0 la cybers\u00e9curit\u00e9 et de d\u00e9couvrir des solutions innovantes pour prot\u00e9ger efficacement leurs syst\u00e8mes contre un paysage de menaces en constante \u00e9volution.<\/p><br><p class=\"MsoNormal\" style=\"margin-top:0cm;margin-right:45.65pt;margin-bottom:  8.0pt;margin-left:14.85pt;mso-element:frame;mso-element-wrap:around;  mso-element-anchor-vertical:paragraph;mso-element-anchor-horizontal:margin;  mso-element-left:center;mso-element-top:5.4pt;mso-height-rule:exactly\"><span style=\"font-size: 1rem;\"><br><\/span><\/p><br><p class=\"MsoNormal\" style=\"margin-top:0cm;margin-right:45.65pt;margin-bottom:  8.0pt;margin-left:14.85pt;mso-element:frame;mso-element-wrap:around;  mso-element-anchor-vertical:paragraph;mso-element-anchor-horizontal:margin;  mso-element-left:center;mso-element-top:5.4pt;mso-height-rule:exactly\"><span style=\"font-size: 1rem;\">L'apr\u00e8s-midi, la journ\u00e9e se poursuivra avec l'atelier pratique : <b>\u00c9valuation, audit et r\u00e9ponse aux incidents de cybers\u00e9curit\u00e9 industrielle<\/b><\/span><\/p><br><p class=\"MsoNormal\" style=\"margin-top:0cm;margin-right:45.65pt;margin-bottom:  8.0pt;margin-left:14.85pt;mso-element:frame;mso-element-wrap:around;  mso-element-anchor-vertical:paragraph;mso-element-anchor-horizontal:margin;  mso-element-left:center;mso-element-top:5.4pt;mso-height-rule:exactly\"><span style=\"font-size: 1rem;\">Calendrier :<b> 16:00 h \u00e0 20:00 h<\/b><\/span><\/p><br><p class=\"MsoNormal\" style=\"margin-top:0cm;margin-right:45.65pt;margin-bottom:  8.0pt;margin-left:14.85pt;mso-element:frame;mso-element-wrap:around;  mso-element-anchor-vertical:paragraph;mso-element-anchor-horizontal:margin;  mso-element-left:center;mso-element-top:5.4pt;mso-height-rule:exactly\">Localisation : <b>B\u00e2timent R+D C, Campus R\u00edo Ebro, Universit\u00e9 de Saragosse<\/b><\/p><br><p class=\"MsoNormal\" style=\"margin-top:0cm;margin-right:45.65pt;margin-bottom:  8.0pt;margin-left:14.85pt;mso-element:frame;mso-element-wrap:around;  mso-element-anchor-vertical:paragraph;mso-element-anchor-horizontal:margin;  mso-element-left:center;mso-element-top:5.4pt;mso-height-rule:exactly\"><\/p><p class=\"MsoNormal\" style=\"margin-top:0cm;margin-right:45.65pt;margin-bottom:  8.0pt;margin-left:14.85pt;mso-element:frame;mso-element-wrap:around;  mso-element-anchor-vertical:paragraph;mso-element-anchor-horizontal:margin;  mso-element-left:center;mso-element-top:5.4pt;mso-height-rule:exactly\">Cette session consistera en un atelier pratique ax\u00e9 sur la cybers\u00e9curit\u00e9 appliqu\u00e9e au secteur industriel, qui abordera trois domaines cl\u00e9s de mani\u00e8re int\u00e9gr\u00e9e :\u00a0<\/p><br><\/td><\/tr><\/tbody><\/table><br><\/div><p style=\"margin: 0cm 24.4pt 8pt 14.85pt;\"><span style=\"background-color: white; font-family: -apple-system, BlinkMacSystemFont, &quot;Segoe UI&quot;, Roboto, &quot;Helvetica Neue&quot;, Arial, &quot;Noto Sans&quot;, sans-serif, &quot;Apple Color Emoji&quot;, &quot;Segoe UI Emoji&quot;, &quot;Segoe UI Symbol&quot;, &quot;Noto Color Emoji&quot;;\">\u2022\u00a0 <\/span>Analyse des risques : application de m\u00e9thodes permettant d'identifier et d'\u00e9valuer les menaces qui p\u00e8sent sur les infrastructures industrielles, tant physiques que num\u00e9riques.  <\/p><p><span style=\"line-height: 115%;\">- Audits de s\u00e9curit\u00e9, depuis la planification et les essais techniques jusqu'\u00e0 la d\u00e9tection des vuln\u00e9rabilit\u00e9s et l'\u00e9tablissement de rapports assortis de recommandations sp\u00e9cifiques.<br><br>- Gestion des incidents, y compris la coordination entre les \u00e9quipes CSIRT\/SOC, la surveillance continue, la d\u00e9tection pr\u00e9coce des intrusions et l'utilisation d'outils de cyberespionnage.<\/span><\/p><br><div><br><br><br><br><br><br><br><table cellspacing=\"0\" cellpadding=\"0\" hspace=\"0\" vspace=\"0\" align=\"center\"><tbody><tr><td valign=\"top\" align=\"left\" style=\"padding-top:0cm;padding-right:0cm;  padding-bottom:0cm;padding-left:0cm\"><br><p class=\"MsoNormal\" style=\"margin-top:0cm;margin-right:24.4pt;margin-bottom:  8.0pt;margin-left:21.95pt;mso-element:frame;mso-element-wrap:around;  mso-element-anchor-vertical:paragraph;mso-element-anchor-horizontal:margin;  mso-element-left:center;mso-element-top:5.4pt;mso-height-rule:exactly\"><span style=\"font-size: 1rem;\"><br><\/span><\/p><br><p class=\"MsoNormal\" style=\"margin-top:0cm;margin-right:24.4pt;margin-bottom:  8.0pt;margin-left:21.95pt;mso-element:frame;mso-element-wrap:around;  mso-element-anchor-vertical:paragraph;mso-element-anchor-horizontal:margin;  mso-element-left:center;mso-element-top:5.4pt;mso-height-rule:exactly\"><span style=\"font-size: 1rem;\">L'atelier sera anim\u00e9 par des professeurs du groupe de recherche RME-DiSCo de l'Universit\u00e9 de Saragosse, une r\u00e9f\u00e9rence en mati\u00e8re de cybers\u00e9curit\u00e9 et de cyber-r\u00e9silience, avec une vaste exp\u00e9rience dans l'analyse binaire, la s\u00e9curit\u00e9 des syst\u00e8mes, la criminalistique num\u00e9rique et la recherche avanc\u00e9e dans les environnements h\u00e9t\u00e9rog\u00e8nes et l'IoT.<\/span><\/p><br><p class=\"MsoNormal\" style=\"margin-top:0cm;margin-right:24.4pt;margin-bottom:  8.0pt;margin-left:21.95pt;mso-element:frame;mso-element-wrap:around;  mso-element-anchor-vertical:paragraph;mso-element-anchor-horizontal:margin;  mso-element-left:center;mso-element-top:5.4pt;mso-height-rule:exactly\"><\/p><br><\/td><\/tr><\/tbody><\/table><br><p><span style=\"font-size: 1rem;\">\u00a0 Une occasion unique d'obtenir une formation pratique, de mettre \u00e0 jour vos comp\u00e9tences et d'entrer en contact avec des experts du secteur.<\/span><\/p><\/div><br><p class=\"MsoNormal\" style=\"margin-top:0cm;margin-right:159.05pt;margin-bottom:8.0pt;margin-left:-6.4pt\"><\/p><br><p class=\"MsoNormal\" style=\"margin-top:0cm;margin-right:159.05pt;margin-bottom:8.0pt;margin-left:-6.4pt\">\u00a0 I<b>abonnements<\/b> Participation gratuite. Inscription pr\u00e9alable obligatoireCapacit\u00e9 limit\u00e9e. Pr\u00e9f\u00e9rence pour les membres de l'ANMOPYC et de CAMPAGALL'inscription doit se faire par le biais de ce formulaire.\u00a0<a style=\"\" href=\"https:\/\/forms.office.com\/Pages\/ResponsePage.aspx?id=KwZ23iEieUCkDStK7ftj8gtXvWfgNhVFqvi5mvUN1b5UM1I4RzE3V09OWVZVMFIxMVVQVDdEWENLRCQlQCN0PWcu\">lien<\/a>.<\/p><br><p class=\"MsoNormal\" style=\"margin-right:159.05pt\">Ne manquez pas l'occasion de participer \u00e0 cet \u00e9v\u00e9nement cl\u00e9 dans le domaine de la cybers\u00e9curit\u00e9 industrielle !<\/p><br><p class=\"MsoNormal\" style=\"margin-right:159.05pt\"><b>Programme<\/b><\/p><br><p class=\"MsoNormal\" style=\"margin-right:159.05pt\"><a name=\"_Hlk212189478\" style=\"font-family: -apple-system, BlinkMacSystemFont, &quot;Segoe UI&quot;, Roboto, &quot;Helvetica Neue&quot;, Arial, &quot;Noto Sans&quot;, sans-serif, &quot;Apple Color Emoji&quot;, &quot;Segoe UI Emoji&quot;, &quot;Segoe UI Symbol&quot;, &quot;Noto Color Emoji&quot;;\">10:30 - 11:00 Caf\u00e9 de bienvenue<\/a><\/p><br><p class=\"MsoNormal\" style=\"margin-right:159.05pt\">11:00 - 14:00 Session technique<\/p><br><p class=\"MsoNormal\" style=\"margin-right:159.05pt\">14:00 - 16:00 D\u00e9jeuner de r\u00e9seautage<\/p><br><p class=\"MsoNormal\" style=\"margin-top:0cm;margin-right:24.4pt;margin-bottom:  8.0pt;margin-left:14.85pt;text-indent:-18.0pt;mso-list:l0 level1 lfo1;  mso-element:frame;mso-element-wrap:around;mso-element-anchor-vertical:paragraph;  mso-element-anchor-horizontal:margin;mso-element-left:center;mso-element-top:  5.4pt;mso-height-rule:exactly\"><\/p><p class=\"MsoNormal\" style=\"margin-right:159.05pt\">16:00 - 20:00 Atelier pratique<\/p><br><p class=\"MsoNormal\" style=\"margin-right:159.05pt\"><\/p><br><p class=\"MsoNormal\" style=\"margin: 0cm 24.4pt 8pt 14.85pt;\"><\/p><br><p class=\"MsoNormal\" style=\"margin-right:159.05pt\"><b>Destin\u00e9 \u00e0<\/b> Professionnels du secteur des machines souhaitant renforcer la cybers\u00e9curit\u00e9 de leurs processus, syst\u00e8mes et \u00e9quipements industriels.<\/p><p class=\"MsoNormal\" style=\"margin-right:159.05pt\"><\/p><br><p class=\"MsoNormal\" style=\"margin-right:159.05pt\"><b>Plus d'informations<\/b><\/p><br><p class=\"MsoNormal\" style=\"margin-right:159.05pt\">Pour toute question compl\u00e9mentaire, veuillez contacter<\/p><p class=\"MsoNormal\" style=\"margin-right:159.05pt\">Sergio Serrano, <a href=\"mailto:sserrano@anmopyc.es\" target=\"_blank\">sserrano@anmopyc.es<\/a>, 976<br><br>227 387<\/p><p class=\"MsoNormal\" style=\"margin-top:0cm;margin-right:24.4pt;margin-bottom:  8.0pt;margin-left:14.85pt;text-indent:-18.0pt;mso-list:l0 level1 lfo1;  mso-element:frame;mso-element-wrap:around;mso-element-anchor-vertical:paragraph;  mso-element-anchor-horizontal:margin;mso-element-left:center;mso-element-top:  5.4pt;mso-height-rule:exactly\"><\/p><p class=\"MsoNormal\" style=\"margin-right:159.05pt\">Juan Manuel Castell, <a href=\"mailto:jmcastell@campag.org\">jmcastell@campag.org<\/a>, 976 76 60 63<\/p><br><p class=\"MsoNormal\" style=\"margin: 0cm 24.4pt 8pt 14.85pt;\"><\/p><br><\/td><\/tr><\/tbody><\/table><\/figure>\n\n\n\n<p><\/p>","protected":false},"excerpt":{"rendered":"<p>&nbsp; &nbsp;&nbsp; Por este motivo, ANMOPYC y CAMPAG\u00a0 organizan la jornada presencial \u201cCiberseguridad en entornos de fabricaci\u00f3n de maquinaria\u201d, que se celebrar\u00e1 el 28 de octubre en Zaragoza. Una jornada completa donde podr\u00e1s aprender, compartir y conectar con expertos y empresas que est\u00e1n liderando el cambio hacia un entorno industrial m\u00e1s seguro.La Jornada dar\u00e1 comienzo [&hellip;]<\/p>\n","protected":false},"author":1,"featured_media":9104,"comment_status":"open","ping_status":"open","sticky":false,"template":"","format":"standard","meta":{"_acf_changed":false,"_joinchat":[],"footnotes":""},"categories":[212],"tags":[],"class_list":["post-5832","post","type-post","status-publish","format-standard","has-post-thumbnail","hentry","category-agenda"],"acf":[],"yoast_head":"<!-- This site is optimized with the Yoast SEO plugin v27.2 - https:\/\/yoast.com\/product\/yoast-seo-wordpress\/ -->\n<title>Jornada Ciberseguridad en entornos de fabricaci\u00f3n de maquinaria - Anmopyc<\/title>\n<meta name=\"robots\" content=\"index, follow, max-snippet:-1, max-image-preview:large, max-video-preview:-1\" \/>\n<link rel=\"canonical\" href=\"https:\/\/anmopyc.es\/fr\/la-cybersecurite-dans-les-environnements-de-fabrication-de-machines\/\" \/>\n<meta property=\"og:locale\" content=\"fr_FR\" \/>\n<meta property=\"og:type\" content=\"article\" \/>\n<meta property=\"og:title\" content=\"Jornada Ciberseguridad en entornos de fabricaci\u00f3n de maquinaria - Anmopyc\" \/>\n<meta property=\"og:description\" content=\"&nbsp; &nbsp;&nbsp; Por este motivo, ANMOPYC y CAMPAG\u00a0 organizan la jornada presencial \u201cCiberseguridad en entornos de fabricaci\u00f3n de maquinaria\u201d, que se celebrar\u00e1 el 28 de octubre en Zaragoza. Una jornada completa donde podr\u00e1s aprender, compartir y conectar con expertos y empresas que est\u00e1n liderando el cambio hacia un entorno industrial m\u00e1s seguro.La Jornada dar\u00e1 comienzo [&hellip;]\" \/>\n<meta property=\"og:url\" content=\"https:\/\/anmopyc.es\/fr\/la-cybersecurite-dans-les-environnements-de-fabrication-de-machines\/\" \/>\n<meta property=\"og:site_name\" content=\"Anmopyc\" \/>\n<meta property=\"article:publisher\" content=\"https:\/\/www.facebook.com\/anmopyc.red\" \/>\n<meta property=\"article:published_time\" content=\"2025-10-10T05:00:00+00:00\" \/>\n<meta property=\"article:modified_time\" content=\"2025-12-22T13:46:31+00:00\" \/>\n<meta property=\"og:image\" content=\"https:\/\/anmopyc.es\/wp-content\/uploads\/2025\/10\/Jornada-Ciberseguridad.webp\" \/>\n\t<meta property=\"og:image:width\" content=\"566\" \/>\n\t<meta property=\"og:image:height\" content=\"400\" \/>\n\t<meta property=\"og:image:type\" content=\"image\/webp\" \/>\n<meta name=\"author\" content=\"claudia@wsiup.com\" \/>\n<meta name=\"twitter:card\" content=\"summary_large_image\" \/>\n<meta name=\"twitter:label1\" content=\"\u00c9crit par\" \/>\n\t<meta name=\"twitter:data1\" content=\"claudia@wsiup.com\" \/>\n\t<meta name=\"twitter:label2\" content=\"Dur\u00e9e de lecture estim\u00e9e\" \/>\n\t<meta name=\"twitter:data2\" content=\"3 minutes\" \/>\n<script type=\"application\/ld+json\" class=\"yoast-schema-graph\">{\"@context\":\"https:\/\/schema.org\",\"@graph\":[{\"@type\":\"Article\",\"@id\":\"https:\/\/anmopyc.es\/fr\/jornada-ciberseguridad-en-entornos-de-fabricacion-de-maquinaria\/#article\",\"isPartOf\":{\"@id\":\"https:\/\/anmopyc.es\/fr\/jornada-ciberseguridad-en-entornos-de-fabricacion-de-maquinaria\/\"},\"author\":{\"name\":\"claudia@wsiup.com\",\"@id\":\"https:\/\/anmopyc.es\/en\/#\/schema\/person\/39699c208daead94ca4bc53387e71ce9\"},\"headline\":\"Jornada Ciberseguridad en entornos de fabricaci\u00f3n de maquinaria\",\"datePublished\":\"2025-10-10T05:00:00+00:00\",\"dateModified\":\"2025-12-22T13:46:31+00:00\",\"mainEntityOfPage\":{\"@id\":\"https:\/\/anmopyc.es\/fr\/jornada-ciberseguridad-en-entornos-de-fabricacion-de-maquinaria\/\"},\"wordCount\":554,\"commentCount\":0,\"publisher\":{\"@id\":\"https:\/\/anmopyc.es\/en\/#organization\"},\"image\":{\"@id\":\"https:\/\/anmopyc.es\/fr\/jornada-ciberseguridad-en-entornos-de-fabricacion-de-maquinaria\/#primaryimage\"},\"thumbnailUrl\":\"https:\/\/anmopyc.es\/wp-content\/uploads\/2025\/10\/Jornada-Ciberseguridad.webp\",\"articleSection\":[\"Agenda\"],\"inLanguage\":\"fr-FR\",\"potentialAction\":[{\"@type\":\"CommentAction\",\"name\":\"Comment\",\"target\":[\"https:\/\/anmopyc.es\/fr\/jornada-ciberseguridad-en-entornos-de-fabricacion-de-maquinaria\/#respond\"]}]},{\"@type\":\"WebPage\",\"@id\":\"https:\/\/anmopyc.es\/fr\/jornada-ciberseguridad-en-entornos-de-fabricacion-de-maquinaria\/\",\"url\":\"https:\/\/anmopyc.es\/fr\/jornada-ciberseguridad-en-entornos-de-fabricacion-de-maquinaria\/\",\"name\":\"Jornada Ciberseguridad en entornos de fabricaci\u00f3n de maquinaria - Anmopyc\",\"isPartOf\":{\"@id\":\"https:\/\/anmopyc.es\/en\/#website\"},\"primaryImageOfPage\":{\"@id\":\"https:\/\/anmopyc.es\/fr\/jornada-ciberseguridad-en-entornos-de-fabricacion-de-maquinaria\/#primaryimage\"},\"image\":{\"@id\":\"https:\/\/anmopyc.es\/fr\/jornada-ciberseguridad-en-entornos-de-fabricacion-de-maquinaria\/#primaryimage\"},\"thumbnailUrl\":\"https:\/\/anmopyc.es\/wp-content\/uploads\/2025\/10\/Jornada-Ciberseguridad.webp\",\"datePublished\":\"2025-10-10T05:00:00+00:00\",\"dateModified\":\"2025-12-22T13:46:31+00:00\",\"breadcrumb\":{\"@id\":\"https:\/\/anmopyc.es\/fr\/jornada-ciberseguridad-en-entornos-de-fabricacion-de-maquinaria\/#breadcrumb\"},\"inLanguage\":\"fr-FR\",\"potentialAction\":[{\"@type\":\"ReadAction\",\"target\":[\"https:\/\/anmopyc.es\/fr\/jornada-ciberseguridad-en-entornos-de-fabricacion-de-maquinaria\/\"]}]},{\"@type\":\"ImageObject\",\"inLanguage\":\"fr-FR\",\"@id\":\"https:\/\/anmopyc.es\/fr\/jornada-ciberseguridad-en-entornos-de-fabricacion-de-maquinaria\/#primaryimage\",\"url\":\"https:\/\/anmopyc.es\/wp-content\/uploads\/2025\/10\/Jornada-Ciberseguridad.webp\",\"contentUrl\":\"https:\/\/anmopyc.es\/wp-content\/uploads\/2025\/10\/Jornada-Ciberseguridad.webp\",\"width\":566,\"height\":400},{\"@type\":\"BreadcrumbList\",\"@id\":\"https:\/\/anmopyc.es\/fr\/jornada-ciberseguridad-en-entornos-de-fabricacion-de-maquinaria\/#breadcrumb\",\"itemListElement\":[{\"@type\":\"ListItem\",\"position\":1,\"name\":\"Home\",\"item\":\"https:\/\/anmopyc.es\/en\/\"},{\"@type\":\"ListItem\",\"position\":2,\"name\":\"Jornada Ciberseguridad en entornos de fabricaci\u00f3n de maquinaria\"}]},{\"@type\":\"WebSite\",\"@id\":\"https:\/\/anmopyc.es\/en\/#website\",\"url\":\"https:\/\/anmopyc.es\/en\/\",\"name\":\"Anmopyc\",\"description\":\"\",\"publisher\":{\"@id\":\"https:\/\/anmopyc.es\/en\/#organization\"},\"potentialAction\":[{\"@type\":\"SearchAction\",\"target\":{\"@type\":\"EntryPoint\",\"urlTemplate\":\"https:\/\/anmopyc.es\/en\/?s={search_term_string}\"},\"query-input\":{\"@type\":\"PropertyValueSpecification\",\"valueRequired\":true,\"valueName\":\"search_term_string\"}}],\"inLanguage\":\"fr-FR\"},{\"@type\":\"Organization\",\"@id\":\"https:\/\/anmopyc.es\/en\/#organization\",\"name\":\"Anmopyc\",\"url\":\"https:\/\/anmopyc.es\/en\/\",\"logo\":{\"@type\":\"ImageObject\",\"inLanguage\":\"fr-FR\",\"@id\":\"https:\/\/anmopyc.es\/en\/#\/schema\/logo\/image\/\",\"url\":\"https:\/\/anmopyc.es\/wp-content\/uploads\/2025\/10\/anmopyc-correctoAZUL.svg\",\"contentUrl\":\"https:\/\/anmopyc.es\/wp-content\/uploads\/2025\/10\/anmopyc-correctoAZUL.svg\",\"width\":372,\"height\":129,\"caption\":\"Anmopyc\"},\"image\":{\"@id\":\"https:\/\/anmopyc.es\/en\/#\/schema\/logo\/image\/\"},\"sameAs\":[\"https:\/\/www.facebook.com\/anmopyc.red\"]},{\"@type\":\"Person\",\"@id\":\"https:\/\/anmopyc.es\/en\/#\/schema\/person\/39699c208daead94ca4bc53387e71ce9\",\"name\":\"claudia@wsiup.com\",\"image\":{\"@type\":\"ImageObject\",\"inLanguage\":\"fr-FR\",\"@id\":\"https:\/\/secure.gravatar.com\/avatar\/bc6aeea3688a2635eb5f1d50f4ed08c6e633df003b030d05f21f405571741857?s=96&d=mm&r=g\",\"url\":\"https:\/\/secure.gravatar.com\/avatar\/bc6aeea3688a2635eb5f1d50f4ed08c6e633df003b030d05f21f405571741857?s=96&d=mm&r=g\",\"contentUrl\":\"https:\/\/secure.gravatar.com\/avatar\/bc6aeea3688a2635eb5f1d50f4ed08c6e633df003b030d05f21f405571741857?s=96&d=mm&r=g\",\"caption\":\"claudia@wsiup.com\"},\"sameAs\":[\"http:\/\/anmopyc.es\"],\"url\":\"https:\/\/anmopyc.es\/fr\/author\/claudiawsiup-com\/\"}]}<\/script>\n<!-- \/ Yoast SEO plugin. -->","yoast_head_json":{"title":"Conf\u00e9rence sur la cybers\u00e9curit\u00e9 dans les environnements de fabrication de machines - Anmopyc","robots":{"index":"index","follow":"follow","max-snippet":"max-snippet:-1","max-image-preview":"max-image-preview:large","max-video-preview":"max-video-preview:-1"},"canonical":"https:\/\/anmopyc.es\/fr\/la-cybersecurite-dans-les-environnements-de-fabrication-de-machines\/","og_locale":"fr_FR","og_type":"article","og_title":"Jornada Ciberseguridad en entornos de fabricaci\u00f3n de maquinaria - Anmopyc","og_description":"&nbsp; &nbsp;&nbsp; Por este motivo, ANMOPYC y CAMPAG\u00a0 organizan la jornada presencial \u201cCiberseguridad en entornos de fabricaci\u00f3n de maquinaria\u201d, que se celebrar\u00e1 el 28 de octubre en Zaragoza. Una jornada completa donde podr\u00e1s aprender, compartir y conectar con expertos y empresas que est\u00e1n liderando el cambio hacia un entorno industrial m\u00e1s seguro.La Jornada dar\u00e1 comienzo [&hellip;]","og_url":"https:\/\/anmopyc.es\/fr\/la-cybersecurite-dans-les-environnements-de-fabrication-de-machines\/","og_site_name":"Anmopyc","article_publisher":"https:\/\/www.facebook.com\/anmopyc.red","article_published_time":"2025-10-10T05:00:00+00:00","article_modified_time":"2025-12-22T13:46:31+00:00","og_image":[{"width":566,"height":400,"url":"https:\/\/anmopyc.es\/wp-content\/uploads\/2025\/10\/Jornada-Ciberseguridad.webp","type":"image\/webp"}],"author":"claudia@wsiup.com","twitter_card":"summary_large_image","twitter_misc":{"\u00c9crit par":"claudia@wsiup.com","Dur\u00e9e de lecture estim\u00e9e":"3 minutes"},"schema":{"@context":"https:\/\/schema.org","@graph":[{"@type":"Article","@id":"https:\/\/anmopyc.es\/fr\/jornada-ciberseguridad-en-entornos-de-fabricacion-de-maquinaria\/#article","isPartOf":{"@id":"https:\/\/anmopyc.es\/fr\/jornada-ciberseguridad-en-entornos-de-fabricacion-de-maquinaria\/"},"author":{"name":"claudia@wsiup.com","@id":"https:\/\/anmopyc.es\/en\/#\/schema\/person\/39699c208daead94ca4bc53387e71ce9"},"headline":"Jornada Ciberseguridad en entornos de fabricaci\u00f3n de maquinaria","datePublished":"2025-10-10T05:00:00+00:00","dateModified":"2025-12-22T13:46:31+00:00","mainEntityOfPage":{"@id":"https:\/\/anmopyc.es\/fr\/jornada-ciberseguridad-en-entornos-de-fabricacion-de-maquinaria\/"},"wordCount":554,"commentCount":0,"publisher":{"@id":"https:\/\/anmopyc.es\/en\/#organization"},"image":{"@id":"https:\/\/anmopyc.es\/fr\/jornada-ciberseguridad-en-entornos-de-fabricacion-de-maquinaria\/#primaryimage"},"thumbnailUrl":"https:\/\/anmopyc.es\/wp-content\/uploads\/2025\/10\/Jornada-Ciberseguridad.webp","articleSection":["Agenda"],"inLanguage":"fr-FR","potentialAction":[{"@type":"CommentAction","name":"Comment","target":["https:\/\/anmopyc.es\/fr\/jornada-ciberseguridad-en-entornos-de-fabricacion-de-maquinaria\/#respond"]}]},{"@type":"WebPage","@id":"https:\/\/anmopyc.es\/fr\/jornada-ciberseguridad-en-entornos-de-fabricacion-de-maquinaria\/","url":"https:\/\/anmopyc.es\/fr\/jornada-ciberseguridad-en-entornos-de-fabricacion-de-maquinaria\/","name":"Conf\u00e9rence sur la cybers\u00e9curit\u00e9 dans les environnements de fabrication de machines - Anmopyc","isPartOf":{"@id":"https:\/\/anmopyc.es\/en\/#website"},"primaryImageOfPage":{"@id":"https:\/\/anmopyc.es\/fr\/jornada-ciberseguridad-en-entornos-de-fabricacion-de-maquinaria\/#primaryimage"},"image":{"@id":"https:\/\/anmopyc.es\/fr\/jornada-ciberseguridad-en-entornos-de-fabricacion-de-maquinaria\/#primaryimage"},"thumbnailUrl":"https:\/\/anmopyc.es\/wp-content\/uploads\/2025\/10\/Jornada-Ciberseguridad.webp","datePublished":"2025-10-10T05:00:00+00:00","dateModified":"2025-12-22T13:46:31+00:00","breadcrumb":{"@id":"https:\/\/anmopyc.es\/fr\/jornada-ciberseguridad-en-entornos-de-fabricacion-de-maquinaria\/#breadcrumb"},"inLanguage":"fr-FR","potentialAction":[{"@type":"ReadAction","target":["https:\/\/anmopyc.es\/fr\/jornada-ciberseguridad-en-entornos-de-fabricacion-de-maquinaria\/"]}]},{"@type":"ImageObject","inLanguage":"fr-FR","@id":"https:\/\/anmopyc.es\/fr\/jornada-ciberseguridad-en-entornos-de-fabricacion-de-maquinaria\/#primaryimage","url":"https:\/\/anmopyc.es\/wp-content\/uploads\/2025\/10\/Jornada-Ciberseguridad.webp","contentUrl":"https:\/\/anmopyc.es\/wp-content\/uploads\/2025\/10\/Jornada-Ciberseguridad.webp","width":566,"height":400},{"@type":"BreadcrumbList","@id":"https:\/\/anmopyc.es\/fr\/jornada-ciberseguridad-en-entornos-de-fabricacion-de-maquinaria\/#breadcrumb","itemListElement":[{"@type":"ListItem","position":1,"name":"Home","item":"https:\/\/anmopyc.es\/en\/"},{"@type":"ListItem","position":2,"name":"Jornada Ciberseguridad en entornos de fabricaci\u00f3n de maquinaria"}]},{"@type":"WebSite","@id":"https:\/\/anmopyc.es\/en\/#website","url":"https:\/\/anmopyc.es\/en\/","name":"Anmopyc","description":"","publisher":{"@id":"https:\/\/anmopyc.es\/en\/#organization"},"potentialAction":[{"@type":"SearchAction","target":{"@type":"EntryPoint","urlTemplate":"https:\/\/anmopyc.es\/en\/?s={search_term_string}"},"query-input":{"@type":"PropertyValueSpecification","valueRequired":true,"valueName":"search_term_string"}}],"inLanguage":"fr-FR"},{"@type":"Organization","@id":"https:\/\/anmopyc.es\/en\/#organization","name":"Anmopyc","url":"https:\/\/anmopyc.es\/en\/","logo":{"@type":"ImageObject","inLanguage":"fr-FR","@id":"https:\/\/anmopyc.es\/en\/#\/schema\/logo\/image\/","url":"https:\/\/anmopyc.es\/wp-content\/uploads\/2025\/10\/anmopyc-correctoAZUL.svg","contentUrl":"https:\/\/anmopyc.es\/wp-content\/uploads\/2025\/10\/anmopyc-correctoAZUL.svg","width":372,"height":129,"caption":"Anmopyc"},"image":{"@id":"https:\/\/anmopyc.es\/en\/#\/schema\/logo\/image\/"},"sameAs":["https:\/\/www.facebook.com\/anmopyc.red"]},{"@type":"Person","@id":"https:\/\/anmopyc.es\/en\/#\/schema\/person\/39699c208daead94ca4bc53387e71ce9","name":"claudia@wsiup.com","image":{"@type":"ImageObject","inLanguage":"fr-FR","@id":"https:\/\/secure.gravatar.com\/avatar\/bc6aeea3688a2635eb5f1d50f4ed08c6e633df003b030d05f21f405571741857?s=96&d=mm&r=g","url":"https:\/\/secure.gravatar.com\/avatar\/bc6aeea3688a2635eb5f1d50f4ed08c6e633df003b030d05f21f405571741857?s=96&d=mm&r=g","contentUrl":"https:\/\/secure.gravatar.com\/avatar\/bc6aeea3688a2635eb5f1d50f4ed08c6e633df003b030d05f21f405571741857?s=96&d=mm&r=g","caption":"claudia@wsiup.com"},"sameAs":["http:\/\/anmopyc.es"],"url":"https:\/\/anmopyc.es\/fr\/author\/claudiawsiup-com\/"}]}},"_links":{"self":[{"href":"https:\/\/anmopyc.es\/fr\/wp-json\/wp\/v2\/posts\/5832","targetHints":{"allow":["GET"]}}],"collection":[{"href":"https:\/\/anmopyc.es\/fr\/wp-json\/wp\/v2\/posts"}],"about":[{"href":"https:\/\/anmopyc.es\/fr\/wp-json\/wp\/v2\/types\/post"}],"author":[{"embeddable":true,"href":"https:\/\/anmopyc.es\/fr\/wp-json\/wp\/v2\/users\/1"}],"replies":[{"embeddable":true,"href":"https:\/\/anmopyc.es\/fr\/wp-json\/wp\/v2\/comments?post=5832"}],"version-history":[{"count":3,"href":"https:\/\/anmopyc.es\/fr\/wp-json\/wp\/v2\/posts\/5832\/revisions"}],"predecessor-version":[{"id":12999,"href":"https:\/\/anmopyc.es\/fr\/wp-json\/wp\/v2\/posts\/5832\/revisions\/12999"}],"wp:featuredmedia":[{"embeddable":true,"href":"https:\/\/anmopyc.es\/fr\/wp-json\/wp\/v2\/media\/9104"}],"wp:attachment":[{"href":"https:\/\/anmopyc.es\/fr\/wp-json\/wp\/v2\/media?parent=5832"}],"wp:term":[{"taxonomy":"category","embeddable":true,"href":"https:\/\/anmopyc.es\/fr\/wp-json\/wp\/v2\/categories?post=5832"},{"taxonomy":"post_tag","embeddable":true,"href":"https:\/\/anmopyc.es\/fr\/wp-json\/wp\/v2\/tags?post=5832"}],"curies":[{"name":"wp","href":"https:\/\/api.w.org\/{rel}","templated":true}]}}